
{"id":21711,"date":"2012-10-29T10:35:05","date_gmt":"2012-10-29T13:35:05","guid":{"rendered":"http:\/\/www.sudoestehoje.com.br\/novoportal\/?p=21711"},"modified":"2012-10-29T10:35:05","modified_gmt":"2012-10-29T13:35:05","slug":"quem-deve-ser-o-novo-presidente-da-camara-de-vereadores","status":"publish","type":"post","link":"https:\/\/www.sudoestehoje.com.br\/novoportal\/2012\/10\/29\/quem-deve-ser-o-novo-presidente-da-camara-de-vereadores\/","title":{"rendered":"QUEM DEVE SER O NOVO PRESIDENTE DA C\u00c2MARA DE VEREADORES?"},"content":{"rendered":"<p><img decoding=\"async\" class=\"aligncenter\" src=\"https:\/\/lh4.googleusercontent.com\/-fN48RyoToPo\/UHSYxwSoFjI\/AAAAAAAACIA\/H2xkv0lr0TQ\/s640\/Vereadores%2520de%2520Itapetinga%2528Capa%2529.JPG\" alt=\"\" width=\"500\" \/><\/p>\n<p>&nbsp;<\/p>\n<p>ITAPETINGA: As articula\u00e7\u00f5es para elei\u00e7\u00e3o da nova Mesa Diretora da C\u00e2mara Municipal andam a todo vapor, nos bastidores pol\u00edticos da cidade. Velhos e novos vereadores se articulam, na busca dos nomes mais vi\u00e1veis para assumir a dire\u00e7\u00e3o da casa legislativa, principalmente a presid\u00eancia da mesa, cargo recheado de prest\u00edgio e &#8216;vantagens&#8217;.<\/p>\n<p>Encorajado pelo n\u00facleo &#8216;zenobista&#8217; da prefeitura, o rec\u00e9m eleito Amaral Jr. encabe\u00e7a uma articula\u00e7\u00e3o, visando assumir a presid\u00eancia da C\u00e2mara, embora conte com uma forte rejei\u00e7\u00e3o dentro da pr\u00f3pria base do prefeito. Tarug\u00e3o e Z\u00e9 Antunes, por exemplo, n\u00e3o querem nem ouvir falar na possibilidade de votar em Amaral e j\u00e1 articulam o nome de Alfredo Cabral. Ao seu estilo, Alfredo n\u00e3o diz que sim, nem que n\u00e3o, preferindo esperar a evolu\u00e7\u00e3o das articula\u00e7\u00f5es.<\/p>\n<p>Outro que est\u00e1 de olho no cargo \u00e9 Marcos Gabrielli, que embora negue de joelhos, n\u00e3o consegue nem dormir sonhando em voltar \u00e0 presid\u00eancia da casa. \u00a0Entre os oposicionistas, h\u00e1 tamb\u00e9m a possibilidade da reelei\u00e7\u00e3o do atual presidente Jo\u00e3o de Deus, mas isto depender\u00e1 de uma complicada combina\u00e7\u00e3o de fatores.<\/p>\n<p>Como o jogo ainda est\u00e1 no come\u00e7o, que tal ouvir a opini\u00e3o do eleitor?\u00a0Deixe aqui o seu coment\u00e1rio, opinando sobre a sucess\u00e3o na mesa diretora da C\u00e2mara de Vereadores.<\/p>\n<p><em><strong>Por Davi Ferraz<\/strong><\/em><\/p>\n<div><\/div>\n","protected":false},"excerpt":{"rendered":"<p>&nbsp; ITAPETINGA: As articula\u00e7\u00f5es para elei\u00e7\u00e3o da nova Mesa Diretora da C\u00e2mara Municipal andam a todo vapor, nos bastidores pol\u00edticos da cidade. Velhos e novos vereadores se articulam, na busca dos nomes mais vi\u00e1veis para assumir a dire\u00e7\u00e3o da casa legislativa, principalmente a presid\u00eancia da mesa, cargo recheado de prest\u00edgio e &#8216;vantagens&#8217;. Encorajado pelo n\u00facleo [&hellip;]<\/p>\n","protected":false},"author":2,"featured_media":0,"comment_status":"open","ping_status":"open","sticky":false,"template":"","format":"standard","meta":{"footnotes":"","_links_to":"","_links_to_target":""},"categories":[1],"tags":[],"class_list":["post-21711","post","type-post","status-publish","format-standard","hentry","category-geral"],"views":2006,"_links":{"self":[{"href":"https:\/\/www.sudoestehoje.com.br\/novoportal\/wp-json\/wp\/v2\/posts\/21711","targetHints":{"allow":["GET"]}}],"collection":[{"href":"https:\/\/www.sudoestehoje.com.br\/novoportal\/wp-json\/wp\/v2\/posts"}],"about":[{"href":"https:\/\/www.sudoestehoje.com.br\/novoportal\/wp-json\/wp\/v2\/types\/post"}],"author":[{"embeddable":true,"href":"https:\/\/www.sudoestehoje.com.br\/novoportal\/wp-json\/wp\/v2\/users\/2"}],"replies":[{"embeddable":true,"href":"https:\/\/www.sudoestehoje.com.br\/novoportal\/wp-json\/wp\/v2\/comments?post=21711"}],"version-history":[{"count":2,"href":"https:\/\/www.sudoestehoje.com.br\/novoportal\/wp-json\/wp\/v2\/posts\/21711\/revisions"}],"predecessor-version":[{"id":21713,"href":"https:\/\/www.sudoestehoje.com.br\/novoportal\/wp-json\/wp\/v2\/posts\/21711\/revisions\/21713"}],"wp:attachment":[{"href":"https:\/\/www.sudoestehoje.com.br\/novoportal\/wp-json\/wp\/v2\/media?parent=21711"}],"wp:term":[{"taxonomy":"category","embeddable":true,"href":"https:\/\/www.sudoestehoje.com.br\/novoportal\/wp-json\/wp\/v2\/categories?post=21711"},{"taxonomy":"post_tag","embeddable":true,"href":"https:\/\/www.sudoestehoje.com.br\/novoportal\/wp-json\/wp\/v2\/tags?post=21711"}],"curies":[{"name":"wp","href":"https:\/\/api.w.org\/{rel}","templated":true}]}}