
{"id":21707,"date":"2012-10-29T09:53:19","date_gmt":"2012-10-29T12:53:19","guid":{"rendered":"http:\/\/www.sudoestehoje.com.br\/novoportal\/?p=21707"},"modified":"2012-10-29T09:54:48","modified_gmt":"2012-10-29T12:54:48","slug":"a-fila-do-pt-anda","status":"publish","type":"post","link":"https:\/\/www.sudoestehoje.com.br\/novoportal\/2012\/10\/29\/a-fila-do-pt-anda\/","title":{"rendered":"A FILA DO PT ANDA&#8230;"},"content":{"rendered":"<p><img decoding=\"async\" class=\"aligncenter\" src=\"http:\/\/saulodecarlo.files.wordpress.com\/2011\/06\/fila.jpg?w=490\" alt=\"\" width=\"150\" \/><\/p>\n<p>No PT, j\u00e1 h\u00e1 consenso de que o deputado federal Nelson Pelegrino, depois da derrota de ontem, saiu definitivamente da fila para a disputa de qualquer cargo executivo, no m\u00e9dio e longo prazo no partido. Foi a quarta vez que Pelegrino disputou e perdeu a Prefeitura de Salvador. Desta vez, por\u00e9m, sob um rol de circunst\u00e2ncias favor\u00e1veis que provavelmente nunca mais a legenda ver\u00e1 se descortinar \u00e0 sua frente. Como diz o ditado, &#8220;a fila anda&#8221;.<\/p>\n","protected":false},"excerpt":{"rendered":"<p>No PT, j\u00e1 h\u00e1 consenso de que o deputado federal Nelson Pelegrino, depois da derrota de ontem, saiu definitivamente da fila para a disputa de qualquer cargo executivo, no m\u00e9dio e longo prazo no partido. Foi a quarta vez que Pelegrino disputou e perdeu a Prefeitura de Salvador. Desta vez, por\u00e9m, sob um rol de [&hellip;]<\/p>\n","protected":false},"author":2,"featured_media":0,"comment_status":"open","ping_status":"open","sticky":false,"template":"","format":"standard","meta":{"footnotes":"","_links_to":"","_links_to_target":""},"categories":[11],"tags":[],"class_list":["post-21707","post","type-post","status-publish","format-standard","hentry","category-quentinhas"],"views":1151,"_links":{"self":[{"href":"https:\/\/www.sudoestehoje.com.br\/novoportal\/wp-json\/wp\/v2\/posts\/21707","targetHints":{"allow":["GET"]}}],"collection":[{"href":"https:\/\/www.sudoestehoje.com.br\/novoportal\/wp-json\/wp\/v2\/posts"}],"about":[{"href":"https:\/\/www.sudoestehoje.com.br\/novoportal\/wp-json\/wp\/v2\/types\/post"}],"author":[{"embeddable":true,"href":"https:\/\/www.sudoestehoje.com.br\/novoportal\/wp-json\/wp\/v2\/users\/2"}],"replies":[{"embeddable":true,"href":"https:\/\/www.sudoestehoje.com.br\/novoportal\/wp-json\/wp\/v2\/comments?post=21707"}],"version-history":[{"count":3,"href":"https:\/\/www.sudoestehoje.com.br\/novoportal\/wp-json\/wp\/v2\/posts\/21707\/revisions"}],"predecessor-version":[{"id":21709,"href":"https:\/\/www.sudoestehoje.com.br\/novoportal\/wp-json\/wp\/v2\/posts\/21707\/revisions\/21709"}],"wp:attachment":[{"href":"https:\/\/www.sudoestehoje.com.br\/novoportal\/wp-json\/wp\/v2\/media?parent=21707"}],"wp:term":[{"taxonomy":"category","embeddable":true,"href":"https:\/\/www.sudoestehoje.com.br\/novoportal\/wp-json\/wp\/v2\/categories?post=21707"},{"taxonomy":"post_tag","embeddable":true,"href":"https:\/\/www.sudoestehoje.com.br\/novoportal\/wp-json\/wp\/v2\/tags?post=21707"}],"curies":[{"name":"wp","href":"https:\/\/api.w.org\/{rel}","templated":true}]}}