
{"id":21703,"date":"2012-10-29T09:39:29","date_gmt":"2012-10-29T12:39:29","guid":{"rendered":"http:\/\/www.sudoestehoje.com.br\/novoportal\/?p=21703"},"modified":"2012-10-29T09:39:29","modified_gmt":"2012-10-29T12:39:29","slug":"wagner-diz-que-derrota-e-culpa-de-joao-henrique-e-nao-das-greves","status":"publish","type":"post","link":"https:\/\/www.sudoestehoje.com.br\/novoportal\/2012\/10\/29\/wagner-diz-que-derrota-e-culpa-de-joao-henrique-e-nao-das-greves\/","title":{"rendered":"WAGNER DIZ QUE DERROTA \u00c9 CULPA DE JO\u00c3O HENRIQUE E N\u00c3O DAS GREVES"},"content":{"rendered":"<p><img decoding=\"async\" class=\"aligncenter\" src=\"http:\/\/www.acordacidade.com.br\/fotos\/p\/25850-2.jpg\" alt=\"\" width=\"400\" \/><\/p>\n<p>&nbsp;<\/p>\n<p>Em entrevista neste domingo (28) no Pal\u00e1cio de Ondina, o governador Jaques Wagner sinalizou que n\u00e3o haver\u00e1 qualquer tipo de retalia\u00e7\u00e3o ao prefeito eleito ACM Neto (DEM) diante da derrota do petista Nelson Pelegrino. \u201cTemos um conjunto de projetos para Salvador que n\u00e3o vai ser interrompido pelo resultado eleitoral. A rela\u00e7\u00e3o (com Neto) continua sendo de advers\u00e1rios pol\u00edticos, mas de aliados em defesa de Salvador\u201d, disse.<\/p>\n<p>Wagner minimizou a import\u00e2ncia das greves ocorridas este ano para a n\u00e3o elei\u00e7\u00e3o do aliado e preferiu atribuir o resultado a uma vincula\u00e7\u00e3o entre o PT e o prefeito Jo\u00e3o Henrique (PP). \u201cTem problema da prefeitura atual de Salvador que, em muitos momentos, foi entendido como uma prefeitura nossa. Acharam que n\u00f3s \u00e9ramos os respons\u00e1veis\u201d, declarou.<\/p>\n<p>O governador ainda definiu Pelegrino como \u201co melhor candidato que a gente tinha\u201d, ao negar que sua escolha tenha sido um erro. \u201cEle foi um grande competidor. Saiu atr\u00e1s, chegou no segundo turno e disputou bem\u201d, disse. Informa\u00e7\u00f5es do Correio.<\/p>\n","protected":false},"excerpt":{"rendered":"<p>&nbsp; Em entrevista neste domingo (28) no Pal\u00e1cio de Ondina, o governador Jaques Wagner sinalizou que n\u00e3o haver\u00e1 qualquer tipo de retalia\u00e7\u00e3o ao prefeito eleito ACM Neto (DEM) diante da derrota do petista Nelson Pelegrino. \u201cTemos um conjunto de projetos para Salvador que n\u00e3o vai ser interrompido pelo resultado eleitoral. A rela\u00e7\u00e3o (com Neto) continua [&hellip;]<\/p>\n","protected":false},"author":2,"featured_media":0,"comment_status":"open","ping_status":"open","sticky":false,"template":"","format":"standard","meta":{"footnotes":"","_links_to":"","_links_to_target":""},"categories":[1],"tags":[],"class_list":["post-21703","post","type-post","status-publish","format-standard","hentry","category-geral"],"views":1470,"_links":{"self":[{"href":"https:\/\/www.sudoestehoje.com.br\/novoportal\/wp-json\/wp\/v2\/posts\/21703","targetHints":{"allow":["GET"]}}],"collection":[{"href":"https:\/\/www.sudoestehoje.com.br\/novoportal\/wp-json\/wp\/v2\/posts"}],"about":[{"href":"https:\/\/www.sudoestehoje.com.br\/novoportal\/wp-json\/wp\/v2\/types\/post"}],"author":[{"embeddable":true,"href":"https:\/\/www.sudoestehoje.com.br\/novoportal\/wp-json\/wp\/v2\/users\/2"}],"replies":[{"embeddable":true,"href":"https:\/\/www.sudoestehoje.com.br\/novoportal\/wp-json\/wp\/v2\/comments?post=21703"}],"version-history":[{"count":3,"href":"https:\/\/www.sudoestehoje.com.br\/novoportal\/wp-json\/wp\/v2\/posts\/21703\/revisions"}],"predecessor-version":[{"id":21706,"href":"https:\/\/www.sudoestehoje.com.br\/novoportal\/wp-json\/wp\/v2\/posts\/21703\/revisions\/21706"}],"wp:attachment":[{"href":"https:\/\/www.sudoestehoje.com.br\/novoportal\/wp-json\/wp\/v2\/media?parent=21703"}],"wp:term":[{"taxonomy":"category","embeddable":true,"href":"https:\/\/www.sudoestehoje.com.br\/novoportal\/wp-json\/wp\/v2\/categories?post=21703"},{"taxonomy":"post_tag","embeddable":true,"href":"https:\/\/www.sudoestehoje.com.br\/novoportal\/wp-json\/wp\/v2\/tags?post=21703"}],"curies":[{"name":"wp","href":"https:\/\/api.w.org\/{rel}","templated":true}]}}