
{"id":21690,"date":"2012-10-29T09:27:03","date_gmt":"2012-10-29T12:27:03","guid":{"rendered":"http:\/\/www.sudoestehoje.com.br\/novoportal\/?p=21690"},"modified":"2012-10-29T09:27:03","modified_gmt":"2012-10-29T12:27:03","slug":"quadrilha-do-mensalao-comemora-vitoria-de-haddad-com-churrasco","status":"publish","type":"post","link":"https:\/\/www.sudoestehoje.com.br\/novoportal\/2012\/10\/29\/quadrilha-do-mensalao-comemora-vitoria-de-haddad-com-churrasco\/","title":{"rendered":"QUADRILHA DO MENSAL\u00c3O COMEMORA VIT\u00d3RIA DE HADDAD COM CHURRASCO"},"content":{"rendered":"<p><img decoding=\"async\" class=\"alignleft\" src=\"http:\/\/www.bahianoticias.com.br\/fotos\/principal_noticias\/125393\/IMAGEM_NOTICIA_5.jpg\" alt=\"Dirceu, Del\u00fabio e Geno\u00edno comemoram vit\u00f3ria de Haddad em churrasco\" width=\"200\" \/>Condenados no julgamento do mensal\u00e3o, no Supremo Tribunal Federal (STF), os petistas Jos\u00e9 Dirceu, Jos\u00e9 Genoino e Del\u00fabio Soares participaram de um churrasco, na noite deste domingo (28), em comemora\u00e7\u00e3o a elei\u00e7\u00e3o de Fernando Haddad (PT) para a prefeitura de S\u00e3o Paulo.<\/p>\n<p>No evento, tamb\u00e9m em homenagem ao anivers\u00e1rio do sindicalista Marcos Palmah, os convidados vibravam com as parciais da apura\u00e7\u00e3o de votos, que acompanhavam pela TV. Quando a vit\u00f3ria de Haddad foi confirmada, eles cantaram o jingle da campanha, gritaram e assobiaram. As informa\u00e7\u00f5es s\u00e3o do jornal <strong><em>Folha de S.Paulo<\/em><\/strong>.<\/p>\n<p>De acordo com o portal <strong><em>Terra<\/em><\/strong>, entre os convidados, estavam dois petistas que investiram contra jornalistas durante o voto de Genoino, entre eles o ex-presidente da comiss\u00e3o de \u00e9tica do PT. Dirceu, que chegou pouco depois das 18h para votar, foi recebido ao coro de &#8220;Z\u00e9, guerreiro do povo brasileiro&#8221;. Neste domingo, em meio ao tumulto que marcou o momento da vota\u00e7\u00e3o, o ex-ministro, que foi condenado pelos crimes de corrup\u00e7\u00e3o e forma\u00e7\u00e3o de quadrilha, afirmou que s\u00f3 falar\u00e1 &#8220;depois do resultado do julgamento&#8221;.<\/p>\n","protected":false},"excerpt":{"rendered":"<p>Condenados no julgamento do mensal\u00e3o, no Supremo Tribunal Federal (STF), os petistas Jos\u00e9 Dirceu, Jos\u00e9 Genoino e Del\u00fabio Soares participaram de um churrasco, na noite deste domingo (28), em comemora\u00e7\u00e3o a elei\u00e7\u00e3o de Fernando Haddad (PT) para a prefeitura de S\u00e3o Paulo. No evento, tamb\u00e9m em homenagem ao anivers\u00e1rio do sindicalista Marcos Palmah, os convidados [&hellip;]<\/p>\n","protected":false},"author":2,"featured_media":0,"comment_status":"open","ping_status":"open","sticky":false,"template":"","format":"standard","meta":{"footnotes":"","_links_to":"","_links_to_target":""},"categories":[1],"tags":[],"class_list":["post-21690","post","type-post","status-publish","format-standard","hentry","category-geral"],"views":1380,"_links":{"self":[{"href":"https:\/\/www.sudoestehoje.com.br\/novoportal\/wp-json\/wp\/v2\/posts\/21690","targetHints":{"allow":["GET"]}}],"collection":[{"href":"https:\/\/www.sudoestehoje.com.br\/novoportal\/wp-json\/wp\/v2\/posts"}],"about":[{"href":"https:\/\/www.sudoestehoje.com.br\/novoportal\/wp-json\/wp\/v2\/types\/post"}],"author":[{"embeddable":true,"href":"https:\/\/www.sudoestehoje.com.br\/novoportal\/wp-json\/wp\/v2\/users\/2"}],"replies":[{"embeddable":true,"href":"https:\/\/www.sudoestehoje.com.br\/novoportal\/wp-json\/wp\/v2\/comments?post=21690"}],"version-history":[{"count":12,"href":"https:\/\/www.sudoestehoje.com.br\/novoportal\/wp-json\/wp\/v2\/posts\/21690\/revisions"}],"predecessor-version":[{"id":21702,"href":"https:\/\/www.sudoestehoje.com.br\/novoportal\/wp-json\/wp\/v2\/posts\/21690\/revisions\/21702"}],"wp:attachment":[{"href":"https:\/\/www.sudoestehoje.com.br\/novoportal\/wp-json\/wp\/v2\/media?parent=21690"}],"wp:term":[{"taxonomy":"category","embeddable":true,"href":"https:\/\/www.sudoestehoje.com.br\/novoportal\/wp-json\/wp\/v2\/categories?post=21690"},{"taxonomy":"post_tag","embeddable":true,"href":"https:\/\/www.sudoestehoje.com.br\/novoportal\/wp-json\/wp\/v2\/tags?post=21690"}],"curies":[{"name":"wp","href":"https:\/\/api.w.org\/{rel}","templated":true}]}}