
{"id":2169,"date":"2010-11-26T00:35:12","date_gmt":"2010-11-26T03:35:12","guid":{"rendered":"http:\/\/www.sudoestehoje.com.br\/novoportal\/?p=2169"},"modified":"2010-11-26T00:35:12","modified_gmt":"2010-11-26T03:35:12","slug":"policia-encontra-mochila-de-jovens-decapitadas","status":"publish","type":"post","link":"https:\/\/www.sudoestehoje.com.br\/novoportal\/2010\/11\/26\/policia-encontra-mochila-de-jovens-decapitadas\/","title":{"rendered":"POLICIA ENCONTRA MOCHILA DE JOVENS DECAPITADAS"},"content":{"rendered":"<p style=\"text-align: center;\"><img loading=\"lazy\" decoding=\"async\" src=\"http:\/\/s.glbimg.com\/jo\/g1\/f\/original\/2010\/11\/21\/meninas-decapitadas.jpg\" alt=\"\" width=\"350\" height=\"263\" \/><\/p>\n<p style=\"text-align: center;\"><strong>Gabiela e Janaina foram aliciadas por traficantes\u00a0e decapitadas\u00a0<\/strong><\/p>\n<p>\u00a0<\/p>\n<p>SALVADOR: A pol\u00edcia encontrou nesta quinta-feira (25) uma mochila, que pode ser das adolescentes Gabriela Alves Nunes, 13, e Jana\u00edna Brito Concei\u00e7\u00e3o, 16, na casa da mulher acusada de aliciar as jovens e entreg\u00e1-las para traficantes. As garotas, assassinadas e decapitadas na madrugada do \u00faltimo s\u00e1bado (20), teriam dormido na casa da acusada de alici\u00e1-las, de prenome Patr\u00edcia, em Nova Divin\u00e9ia, na v\u00e9spera do crime. Os tr\u00eas traficantes suspeitos de realizarem a execu\u00e7\u00e3o,\u00a0 tiveram a pris\u00e3o tempor\u00e1ria decretada pela Justi\u00e7a e continuam sendo procurados pela pol\u00edcia. As adolescentes fugiram de casa na quinta-feira (18), dois dias antes de morrerem. Informa\u00e7\u00f5es do Correio.<\/p>\n","protected":false},"excerpt":{"rendered":"<p>Gabiela e Janaina foram aliciadas por traficantes\u00a0e decapitadas\u00a0 \u00a0 SALVADOR: A pol\u00edcia encontrou nesta quinta-feira (25) uma mochila, que pode ser das adolescentes Gabriela Alves Nunes, 13, e Jana\u00edna Brito Concei\u00e7\u00e3o, 16, na casa da mulher acusada de aliciar as jovens e entreg\u00e1-las para traficantes. As garotas, assassinadas e decapitadas na madrugada do \u00faltimo s\u00e1bado [&hellip;]<\/p>\n","protected":false},"author":2,"featured_media":0,"comment_status":"open","ping_status":"open","sticky":false,"template":"","format":"standard","meta":{"footnotes":"","_links_to":"","_links_to_target":""},"categories":[1],"tags":[],"class_list":["post-2169","post","type-post","status-publish","format-standard","hentry","category-geral"],"views":1251,"_links":{"self":[{"href":"https:\/\/www.sudoestehoje.com.br\/novoportal\/wp-json\/wp\/v2\/posts\/2169","targetHints":{"allow":["GET"]}}],"collection":[{"href":"https:\/\/www.sudoestehoje.com.br\/novoportal\/wp-json\/wp\/v2\/posts"}],"about":[{"href":"https:\/\/www.sudoestehoje.com.br\/novoportal\/wp-json\/wp\/v2\/types\/post"}],"author":[{"embeddable":true,"href":"https:\/\/www.sudoestehoje.com.br\/novoportal\/wp-json\/wp\/v2\/users\/2"}],"replies":[{"embeddable":true,"href":"https:\/\/www.sudoestehoje.com.br\/novoportal\/wp-json\/wp\/v2\/comments?post=2169"}],"version-history":[{"count":4,"href":"https:\/\/www.sudoestehoje.com.br\/novoportal\/wp-json\/wp\/v2\/posts\/2169\/revisions"}],"predecessor-version":[{"id":2173,"href":"https:\/\/www.sudoestehoje.com.br\/novoportal\/wp-json\/wp\/v2\/posts\/2169\/revisions\/2173"}],"wp:attachment":[{"href":"https:\/\/www.sudoestehoje.com.br\/novoportal\/wp-json\/wp\/v2\/media?parent=2169"}],"wp:term":[{"taxonomy":"category","embeddable":true,"href":"https:\/\/www.sudoestehoje.com.br\/novoportal\/wp-json\/wp\/v2\/categories?post=2169"},{"taxonomy":"post_tag","embeddable":true,"href":"https:\/\/www.sudoestehoje.com.br\/novoportal\/wp-json\/wp\/v2\/tags?post=2169"}],"curies":[{"name":"wp","href":"https:\/\/api.w.org\/{rel}","templated":true}]}}