
{"id":21679,"date":"2012-10-28T19:21:23","date_gmt":"2012-10-28T22:21:23","guid":{"rendered":"http:\/\/www.sudoestehoje.com.br\/novoportal\/?p=21679"},"modified":"2012-10-28T20:41:53","modified_gmt":"2012-10-28T23:41:53","slug":"eleicoes-2012-acm-neto-e-o-novo-prefeito-da-capital-baiana","status":"publish","type":"post","link":"https:\/\/www.sudoestehoje.com.br\/novoportal\/2012\/10\/28\/eleicoes-2012-acm-neto-e-o-novo-prefeito-da-capital-baiana\/","title":{"rendered":"ELEI\u00c7\u00d5ES 2012: ACM NETO \u00c9 O NOVO PREFEITO DA CAPITAL BAIANA"},"content":{"rendered":"<p><img decoding=\"async\" class=\"aligncenter\" src=\"http:\/\/s2.glbimg.com\/BuRFRLydi114yVbBw0IgALIey6X7UQFCfNqTk-jZwUnN1ouayhGdVa3yGk__eCtv\/s.glbimg.com\/jo\/g1\/f\/original\/2012\/10\/28\/neto_comemora.jpg\" alt=\"ACM Neto (Foto: Ida Sandes\/G1)\" width=\"400\" \/><\/p>\n<p>&nbsp;<\/p>\n<p>SALVADOR: Com quase a totalidade das urnas apuradas em Salvador (98%), o deputado federal ACM Neto, do Democratas, acaba de ser eleito prefeito da capital do Estado, no 2\u00ba turno. Em termos percentuais, ACM Neto obteve cerca de 54% dos votos v\u00e1lidos, contra 46% do petista Nelson Pelegrino.<\/p>\n<p>A elei\u00e7\u00e3o do democrata para comandar a Prefeitura de Salvador j\u00e1 demonstrava ind\u00edcios nas pesquisas e nas consultas internas dos dois partidos em confronto, o DEM e o PT. No decorrer da campanha imaginava-se que a disputa seria mais acirrada, mas n\u00e3o foi isto que aconteceu, com o herdeiro pol\u00edtico de ACM vencendo com folga. Nem mesmo o &#8220;time de Lula e Dilma&#8221; conseguiu impedir a derrota do PT na capital baiana, o que poder\u00e1 modificar drasticamente os rumos da sucess\u00e3o estadual em 2014.<\/p>\n<p>RESULTADO FINAL<\/p>\n<p>A vit\u00f3ria do candidato do DEM a prefeito de Salvador, ACM Neto (DEM), foi proclamada com um \u00edndice de 94.101 votos de vantagem sobre o oponente do PT, Nelson Pelegrino, ou seja 7%. Com 100% das 4.507 urnas apuradas, \u00e0s 20h21 deste domingo (28), o Tribunal Regional Eleitoral da Bahia (TRE-BA) computou 717.865 sufr\u00e1gios para o democrata (53,51%) contra 623.734 (46,49%) do petista. Chamou a aten\u00e7\u00e3o o elevado n\u00famero de votos nulos (98.353 &#8211; 6,66%), brancos (36.579 &#8211; 2,48%) e, sobretudo, de absten\u00e7\u00f5es (21,53%), o que significa que nada menos que 405.013 eleitores n\u00e3o compareceram \u00e0s suas se\u00e7\u00f5es eleitorais na capital baiana.<\/p>\n<p><strong><em>Por Davi Ferraz<\/em><\/strong><\/p>\n","protected":false},"excerpt":{"rendered":"<p>&nbsp; SALVADOR: Com quase a totalidade das urnas apuradas em Salvador (98%), o deputado federal ACM Neto, do Democratas, acaba de ser eleito prefeito da capital do Estado, no 2\u00ba turno. Em termos percentuais, ACM Neto obteve cerca de 54% dos votos v\u00e1lidos, contra 46% do petista Nelson Pelegrino. A elei\u00e7\u00e3o do democrata para comandar [&hellip;]<\/p>\n","protected":false},"author":2,"featured_media":0,"comment_status":"open","ping_status":"open","sticky":false,"template":"","format":"standard","meta":{"footnotes":"","_links_to":"","_links_to_target":""},"categories":[1],"tags":[],"class_list":["post-21679","post","type-post","status-publish","format-standard","hentry","category-geral"],"views":1801,"_links":{"self":[{"href":"https:\/\/www.sudoestehoje.com.br\/novoportal\/wp-json\/wp\/v2\/posts\/21679","targetHints":{"allow":["GET"]}}],"collection":[{"href":"https:\/\/www.sudoestehoje.com.br\/novoportal\/wp-json\/wp\/v2\/posts"}],"about":[{"href":"https:\/\/www.sudoestehoje.com.br\/novoportal\/wp-json\/wp\/v2\/types\/post"}],"author":[{"embeddable":true,"href":"https:\/\/www.sudoestehoje.com.br\/novoportal\/wp-json\/wp\/v2\/users\/2"}],"replies":[{"embeddable":true,"href":"https:\/\/www.sudoestehoje.com.br\/novoportal\/wp-json\/wp\/v2\/comments?post=21679"}],"version-history":[{"count":7,"href":"https:\/\/www.sudoestehoje.com.br\/novoportal\/wp-json\/wp\/v2\/posts\/21679\/revisions"}],"predecessor-version":[{"id":21682,"href":"https:\/\/www.sudoestehoje.com.br\/novoportal\/wp-json\/wp\/v2\/posts\/21679\/revisions\/21682"}],"wp:attachment":[{"href":"https:\/\/www.sudoestehoje.com.br\/novoportal\/wp-json\/wp\/v2\/media?parent=21679"}],"wp:term":[{"taxonomy":"category","embeddable":true,"href":"https:\/\/www.sudoestehoje.com.br\/novoportal\/wp-json\/wp\/v2\/categories?post=21679"},{"taxonomy":"post_tag","embeddable":true,"href":"https:\/\/www.sudoestehoje.com.br\/novoportal\/wp-json\/wp\/v2\/tags?post=21679"}],"curies":[{"name":"wp","href":"https:\/\/api.w.org\/{rel}","templated":true}]}}