
{"id":21676,"date":"2012-10-28T18:38:10","date_gmt":"2012-10-28T21:38:10","guid":{"rendered":"http:\/\/www.sudoestehoje.com.br\/novoportal\/?p=21676"},"modified":"2012-10-28T18:38:10","modified_gmt":"2012-10-28T21:38:10","slug":"acm-neto-lidera-em-salvador-e-guilherme-em-conquista","status":"publish","type":"post","link":"https:\/\/www.sudoestehoje.com.br\/novoportal\/2012\/10\/28\/acm-neto-lidera-em-salvador-e-guilherme-em-conquista\/","title":{"rendered":"ACM NETO LIDERA EM SALVADOR E GUILHERME EM CONQUISTA"},"content":{"rendered":"<p><img decoding=\"async\" class=\"aligncenter\" src=\"http:\/\/mediosaofrancisco.com\/wp-content\/uploads\/2012\/10\/Guilherme-e-Herzem-Gusm%C3%A3o.jpg\" alt=\"\" width=\"400\" \/><\/p>\n<p>&nbsp;<\/p>\n<p><strong><em>18:33h<\/em><\/strong><\/p>\n<p>SALVADOR: Com 78% dos votos apurados, o candidato ACM Neto lidera o 2\u00ba turno na capital, com cerca de 54% dos votos v\u00e1lidos, contra 46% \u00a0do petista Pelegrino.<\/p>\n<p>CONQUISTA: Pelos n\u00fameros atualizados do TSE, j\u00e1 foram apurados 29% dos votos em Vit\u00f3ria da Conquista, com o candidato Guilherme Menezes liderando a apura\u00e7\u00e3o, com 55,18% e o peemedebista Herzem Gusm\u00e3o com 44,82%.<\/p>\n","protected":false},"excerpt":{"rendered":"<p>&nbsp; 18:33h SALVADOR: Com 78% dos votos apurados, o candidato ACM Neto lidera o 2\u00ba turno na capital, com cerca de 54% dos votos v\u00e1lidos, contra 46% \u00a0do petista Pelegrino. CONQUISTA: Pelos n\u00fameros atualizados do TSE, j\u00e1 foram apurados 29% dos votos em Vit\u00f3ria da Conquista, com o candidato Guilherme Menezes liderando a apura\u00e7\u00e3o, com [&hellip;]<\/p>\n","protected":false},"author":2,"featured_media":0,"comment_status":"open","ping_status":"open","sticky":false,"template":"","format":"standard","meta":{"footnotes":"","_links_to":"","_links_to_target":""},"categories":[1],"tags":[],"class_list":["post-21676","post","type-post","status-publish","format-standard","hentry","category-geral"],"views":1263,"_links":{"self":[{"href":"https:\/\/www.sudoestehoje.com.br\/novoportal\/wp-json\/wp\/v2\/posts\/21676","targetHints":{"allow":["GET"]}}],"collection":[{"href":"https:\/\/www.sudoestehoje.com.br\/novoportal\/wp-json\/wp\/v2\/posts"}],"about":[{"href":"https:\/\/www.sudoestehoje.com.br\/novoportal\/wp-json\/wp\/v2\/types\/post"}],"author":[{"embeddable":true,"href":"https:\/\/www.sudoestehoje.com.br\/novoportal\/wp-json\/wp\/v2\/users\/2"}],"replies":[{"embeddable":true,"href":"https:\/\/www.sudoestehoje.com.br\/novoportal\/wp-json\/wp\/v2\/comments?post=21676"}],"version-history":[{"count":2,"href":"https:\/\/www.sudoestehoje.com.br\/novoportal\/wp-json\/wp\/v2\/posts\/21676\/revisions"}],"predecessor-version":[{"id":21678,"href":"https:\/\/www.sudoestehoje.com.br\/novoportal\/wp-json\/wp\/v2\/posts\/21676\/revisions\/21678"}],"wp:attachment":[{"href":"https:\/\/www.sudoestehoje.com.br\/novoportal\/wp-json\/wp\/v2\/media?parent=21676"}],"wp:term":[{"taxonomy":"category","embeddable":true,"href":"https:\/\/www.sudoestehoje.com.br\/novoportal\/wp-json\/wp\/v2\/categories?post=21676"},{"taxonomy":"post_tag","embeddable":true,"href":"https:\/\/www.sudoestehoje.com.br\/novoportal\/wp-json\/wp\/v2\/tags?post=21676"}],"curies":[{"name":"wp","href":"https:\/\/api.w.org\/{rel}","templated":true}]}}