
{"id":2163,"date":"2010-11-26T00:14:26","date_gmt":"2010-11-26T03:14:26","guid":{"rendered":"http:\/\/www.sudoestehoje.com.br\/novoportal\/?p=2163"},"modified":"2010-11-26T00:14:26","modified_gmt":"2010-11-26T03:14:26","slug":"antonio-palocci-assumira-a-casa-civil","status":"publish","type":"post","link":"https:\/\/www.sudoestehoje.com.br\/novoportal\/2010\/11\/26\/antonio-palocci-assumira-a-casa-civil\/","title":{"rendered":"Ant\u00f4nio Palocci assumir\u00e1 a Casa Civil"},"content":{"rendered":"<p style=\"text-align: center;\"><strong><img decoding=\"async\" src=\"http:\/\/2.bp.blogspot.com\/_Ijkju88wa-c\/TNRgd2PsyqI\/AAAAAAAABEY\/qEtmaX0pFbg\/s1600\/Dilma_Palocci.jpg\" alt=\"\" \/><\/strong><\/p>\n<p style=\"text-align: center;\"><strong>Dilma escolheu Palocci para a chefia da Casa Civil do Planalto<\/strong><\/p>\n<p>\u00a0<\/p>\n<p>O ex-ministro Antonio Palocci ir\u00e1 comandar a Casa Civil no governo da presidente eleita Dilma Rousseff, segundo informa\u00e7\u00f5es de bastidores. Convidado na quarta, Palocci aceitou assumir o cargo que foi da pr\u00f3pria Dilma durante boa parte do governo Lula. J\u00e1 Gilberto Carvalho, chefe de gabinete da Presid\u00eancia, deve ficar com a Secretaria-Geral da Presid\u00eancia. Ele \u00e9 um dos auxiliares mais pr\u00f3ximos ao presidente Lula.<\/p>\n<p>Ministro da Fazenda entre 2003 e 2006, cabe a Palocci o comando das principais pol\u00edticas que marcaram economicamente o primeiro mandato de Lula. Com austeridade e rigor, Palocci ajudou a afastar o cetismo do mercado diante da primeira elei\u00e7\u00e3o do petista e foi quem abriu espa\u00e7o para o atual bom momento da economia brasileira.<\/p>\n<p>Em 2006, ele foi afastado do cargo por conta do esc\u00e2ndalo da quebra de sigilo banc\u00e1rio do caseira Francenildo Costa &#8211; pelo que foi inocentado no ano passado pelo Supremo Tribunal Federal (STF).<\/p>\n<p>Dilma anunciou na quarta a sua equipe econ\u00f4mica &#8211; ela manter\u00e1 o ministro da Fazenda, Guido Mantega, e indicou Alexandre Tombini para a presid\u00eancia do Banco Central e Mirian Belchior para o Minist\u00e9rio do Planejamento.<\/p>\n<p><strong>Reda\u00e7\u00e3o CORREIO<\/strong><\/p>\n","protected":false},"excerpt":{"rendered":"<p>Dilma escolheu Palocci para a chefia da Casa Civil do Planalto \u00a0 O ex-ministro Antonio Palocci ir\u00e1 comandar a Casa Civil no governo da presidente eleita Dilma Rousseff, segundo informa\u00e7\u00f5es de bastidores. Convidado na quarta, Palocci aceitou assumir o cargo que foi da pr\u00f3pria Dilma durante boa parte do governo Lula. J\u00e1 Gilberto Carvalho, chefe [&hellip;]<\/p>\n","protected":false},"author":2,"featured_media":0,"comment_status":"open","ping_status":"open","sticky":false,"template":"","format":"standard","meta":{"footnotes":"","_links_to":"","_links_to_target":""},"categories":[1],"tags":[],"class_list":["post-2163","post","type-post","status-publish","format-standard","hentry","category-geral"],"views":1200,"_links":{"self":[{"href":"https:\/\/www.sudoestehoje.com.br\/novoportal\/wp-json\/wp\/v2\/posts\/2163","targetHints":{"allow":["GET"]}}],"collection":[{"href":"https:\/\/www.sudoestehoje.com.br\/novoportal\/wp-json\/wp\/v2\/posts"}],"about":[{"href":"https:\/\/www.sudoestehoje.com.br\/novoportal\/wp-json\/wp\/v2\/types\/post"}],"author":[{"embeddable":true,"href":"https:\/\/www.sudoestehoje.com.br\/novoportal\/wp-json\/wp\/v2\/users\/2"}],"replies":[{"embeddable":true,"href":"https:\/\/www.sudoestehoje.com.br\/novoportal\/wp-json\/wp\/v2\/comments?post=2163"}],"version-history":[{"count":3,"href":"https:\/\/www.sudoestehoje.com.br\/novoportal\/wp-json\/wp\/v2\/posts\/2163\/revisions"}],"predecessor-version":[{"id":2166,"href":"https:\/\/www.sudoestehoje.com.br\/novoportal\/wp-json\/wp\/v2\/posts\/2163\/revisions\/2166"}],"wp:attachment":[{"href":"https:\/\/www.sudoestehoje.com.br\/novoportal\/wp-json\/wp\/v2\/media?parent=2163"}],"wp:term":[{"taxonomy":"category","embeddable":true,"href":"https:\/\/www.sudoestehoje.com.br\/novoportal\/wp-json\/wp\/v2\/categories?post=2163"},{"taxonomy":"post_tag","embeddable":true,"href":"https:\/\/www.sudoestehoje.com.br\/novoportal\/wp-json\/wp\/v2\/tags?post=2163"}],"curies":[{"name":"wp","href":"https:\/\/api.w.org\/{rel}","templated":true}]}}