
{"id":21627,"date":"2012-10-27T09:30:53","date_gmt":"2012-10-27T12:30:53","guid":{"rendered":"http:\/\/www.sudoestehoje.com.br\/novoportal\/?p=21627"},"modified":"2012-10-27T09:30:53","modified_gmt":"2012-10-27T12:30:53","slug":"debate-morno-em-salvador","status":"publish","type":"post","link":"https:\/\/www.sudoestehoje.com.br\/novoportal\/2012\/10\/27\/debate-morno-em-salvador\/","title":{"rendered":"DEBATE &#8220;MORNO&#8221; EM SALVADOR"},"content":{"rendered":"<p><img decoding=\"async\" class=\"aligncenter\" src=\"http:\/\/www.bahianoticias.com.br\/fotos\/principal_noticias\/125250\/IMAGEM_NOTICIA_5.jpg\" alt=\"Candidatos mudam tom e proporcionam debate considerado 'morno' e sem muita novidade\" width=\"400\" \/><\/p>\n<p>&nbsp;<\/p>\n<p>SALVADOR: No quarto e \u00faltimo debate televiso antes da elei\u00e7\u00e3o, em segundo turno, para a escolha do pr\u00f3ximo prefeito de Salvador, realizado nesta sexta-feira (26) pela TV Bahia, os dois postulantes ao cargo, ACM Neto (DEM) e Nelson Pelegrino (PT), mudaram o tom e proporcionaram um debate considerado \u201cmorno\u201d e sem muitas novidades, se comparado aos tr\u00eas \u00faltimos durante esta segunda fase do pleito.<\/p>\n<p>O pr\u00f3prio ACM Neto, em entrevista ao Bahia Not\u00edcias ap\u00f3s deixar os est\u00fadios da afiliada da Rede Globo, considerou mais \u201ctranquilo\u201d o embate, apesar de ter inovado quando citou por diversas vezes o uso do Facebook para refor\u00e7ar as suas afirma\u00e7\u00f5es, o que serviu para movimentar as redes sociais durante o embate.<!--more--><\/p>\n<p>Questionado se a postura adotada teria sido devido a uma rea\u00e7\u00e3o negativa dos telespectadores soteropolitanos por conta dos comportamentos perante \u00e0s c\u00e2meras de ambos nos debates anteriores, o democrata foi curto: \u201cN\u00e3o sei!\u201d. Entretanto, ACM Neto afirmou que o encontro \u201csoma\u201d ao um conjunto de debates e ainda falou do que chamou de \u201cmaratona\u201d eleitoral. \u201cMaratona da zorra. Cansado, claro, a gente sai no limite, porque s\u00e3o quatro meses de campanha, mas muito satisfeito. Acho que o conjunto dos debates permitiu que o eleitor de Salvador pudesse fazer o contraponto entre o que representa cada candidato. E a pergunta que n\u00e3o quer calar o PT: por que n\u00e3o fez, n\u00e3o \u00e9?\u201d, cutucou.<\/p>\n<p>J\u00e1 Pelegrino, preferiu afirmar que, \u201cnovamente\u201d, foi o seu advers\u00e1rio que \u201cn\u00e3o quis discutir Salvador\u201d. \u201cDurante toda a campanha eu quis e eu pautei essa discuss\u00e3o, porque o eleitor quer saber quem \u00e9 o respons\u00e1vel pela situa\u00e7\u00e3o que a cidade se encontra neste momento, e quais s\u00e3o as propostas para mudar a cidade. Em toda elei\u00e7\u00e3o procurei demonstrar isso, que a mudan\u00e7a somos n\u00f3s. Mudamos o Brasil, com Lula e Dilma. Estamos mudamos a Bahia e, agora, de forma harm\u00f4nica e parceira vamos mudar Salvador\u201d, disse. BN<\/p>\n","protected":false},"excerpt":{"rendered":"<p>&nbsp; SALVADOR: No quarto e \u00faltimo debate televiso antes da elei\u00e7\u00e3o, em segundo turno, para a escolha do pr\u00f3ximo prefeito de Salvador, realizado nesta sexta-feira (26) pela TV Bahia, os dois postulantes ao cargo, ACM Neto (DEM) e Nelson Pelegrino (PT), mudaram o tom e proporcionaram um debate considerado \u201cmorno\u201d e sem muitas novidades, se [&hellip;]<\/p>\n","protected":false},"author":2,"featured_media":0,"comment_status":"open","ping_status":"open","sticky":false,"template":"","format":"standard","meta":{"footnotes":"","_links_to":"","_links_to_target":""},"categories":[1],"tags":[],"class_list":["post-21627","post","type-post","status-publish","format-standard","hentry","category-geral"],"views":1261,"_links":{"self":[{"href":"https:\/\/www.sudoestehoje.com.br\/novoportal\/wp-json\/wp\/v2\/posts\/21627","targetHints":{"allow":["GET"]}}],"collection":[{"href":"https:\/\/www.sudoestehoje.com.br\/novoportal\/wp-json\/wp\/v2\/posts"}],"about":[{"href":"https:\/\/www.sudoestehoje.com.br\/novoportal\/wp-json\/wp\/v2\/types\/post"}],"author":[{"embeddable":true,"href":"https:\/\/www.sudoestehoje.com.br\/novoportal\/wp-json\/wp\/v2\/users\/2"}],"replies":[{"embeddable":true,"href":"https:\/\/www.sudoestehoje.com.br\/novoportal\/wp-json\/wp\/v2\/comments?post=21627"}],"version-history":[{"count":3,"href":"https:\/\/www.sudoestehoje.com.br\/novoportal\/wp-json\/wp\/v2\/posts\/21627\/revisions"}],"predecessor-version":[{"id":21630,"href":"https:\/\/www.sudoestehoje.com.br\/novoportal\/wp-json\/wp\/v2\/posts\/21627\/revisions\/21630"}],"wp:attachment":[{"href":"https:\/\/www.sudoestehoje.com.br\/novoportal\/wp-json\/wp\/v2\/media?parent=21627"}],"wp:term":[{"taxonomy":"category","embeddable":true,"href":"https:\/\/www.sudoestehoje.com.br\/novoportal\/wp-json\/wp\/v2\/categories?post=21627"},{"taxonomy":"post_tag","embeddable":true,"href":"https:\/\/www.sudoestehoje.com.br\/novoportal\/wp-json\/wp\/v2\/tags?post=21627"}],"curies":[{"name":"wp","href":"https:\/\/api.w.org\/{rel}","templated":true}]}}