
{"id":21612,"date":"2012-10-26T08:56:05","date_gmt":"2012-10-26T11:56:05","guid":{"rendered":"http:\/\/www.sudoestehoje.com.br\/novoportal\/?p=21612"},"modified":"2012-10-26T08:56:05","modified_gmt":"2012-10-26T11:56:05","slug":"incendio-pode-ter-causado-apagao-no-norte-e-nordeste","status":"publish","type":"post","link":"https:\/\/www.sudoestehoje.com.br\/novoportal\/2012\/10\/26\/incendio-pode-ter-causado-apagao-no-norte-e-nordeste\/","title":{"rendered":"INC\u00caNDIO PODE TER CAUSADO APAG\u00c3O NO NORTE E NORDESTE"},"content":{"rendered":"<p><img decoding=\"async\" class=\"aligncenter\" src=\"http:\/\/www.miseria.com.br\/fotos_not\/2012\/10\/26\/20121026063745_capa.jpg\" alt=\"\" width=\"500\" \/><\/p>\n<p>&nbsp;<\/p>\n<p><strong><em>Correio<\/em><\/strong><\/p>\n<p>O apag\u00e3o que afetou os\u00a0<strong><a title=\"Opens external link in new window\" href=\"http:\/\/www.correio24horas.com.br\/noticias\/detalhes\/detalhes-1\/artigo\/apagao-moradores-de-diversos-bairros-de-salvador-ficam-sem-energia-na-noite-desta-quinta-feira-25\/\" target=\"_blank\">417 munic\u00edpios da Bahia, todos os estados do Nordeste, parte do Par\u00e1, Tocantins e o Distrito Federal<\/a><\/strong>\u00a0no final da noite de quinta (25) e madrugada desta sexta (26), pode ter sido causado por um inc\u00eandio em um equipamento entre duas subesta\u00e7\u00f5es de energia. A informa\u00e7\u00e3o foi divulgada pelo Operador Nacional do Sistema (ONS), respons\u00e1vel por administrar o Sistema Interligado Nacional.<\/p>\n<p>&#8220;Houve um inc\u00eandio na chave de um equipamento, que \u00e9 um capacitor-s\u00e9rie do circuito 2 da linha de transmiss\u00e3o entre as subesta\u00e7\u00f5es de Colinas e Imperatriz, na interliga\u00e7\u00e3o que liga os sistemas Norte\/Nordeste ao sistema Sul\/Sudeste&#8221;, disse o diretor-geral do ONS, Hermes Chipp, em entrevista nesta sexta (26) ao &#8220;Bom Dia Brasil&#8221;. Segundo o \u00f3rg\u00e3o, a falta de energia na regi\u00e3o teve in\u00edcio \u00e0 0h14.<\/p>\n<p>Este \u00e9 o segundo apag\u00e3o nos \u00faltimos 35 dias na Regi\u00e3o Nordeste. Em 22 de setembro, segundo o ONS, um problema nas interliga\u00e7\u00f5es Sudeste\/Norte e Sudeste\/Nordeste, atingiu o fornecimento de energia el\u00e9trica em parte da regi\u00e3o Nordeste do pa\u00eds.<\/p>\n<p><strong>&#8216;A Bahia est\u00e1 sem luz&#8217;<\/strong><\/p>\n<p>Por volta das 23h30, a informa\u00e7\u00e3o da Companhia foi de que &#8220;todas as cargas da Coelba, de todos os consumidores na Bahia est\u00e3o desligadas. A Bahia inteira est\u00e1 sem luz&#8221;. J\u00e1 por volta da 1h30 da sexta-feira (26), a Coelba informou que parte do sul da Bahia j\u00e1 teve a energia restabelecida. Os munic\u00edpios (nomes e quantidade n\u00e3o foram divulgados) est\u00e3o recebendo fornecimento de luz de duas usinas &#8211; Itapebi e Funil.\u00a0<!--more--><\/p>\n<p>\u00c0s 2h30, a concession\u00e1ria informou que a energia come\u00e7ou a ser religada em Salvador e Regi\u00e3o Metropolitana &#8211; a maior parte da capital j\u00e1 tinha energia \u00e0s 4h30. A Coelba informou que ainda aguarda o Operador Nacional do Sistema (ONS) autorizar o fornecimento para os demais munic\u00edpios.<\/p>\n<p>O\u00a0 ONS confirmou que houve um problema no sistema \u00e0s 00h14, no hor\u00e1rio de Bras\u00edlia, mas informou que a energia estava sendo religada gradativamente. Na Bahia, a falta de energia come\u00e7ou por volta das 23h18, hor\u00e1rio local, e s\u00f3 foi plenamente restabelecida por volta das 4h30. O ONS confirmou que o blecaute atingiu todos os estados do Nordeste e parte de Tocantins e Par\u00e1.<\/p>\n<p>&#8220;As informa\u00e7\u00f5es preliminares que temos indicam que \u00e9 grande a extens\u00e3o do apag\u00e3o, mas n\u00e3o temos como precisar neste momento quantos estados foram atingidos. Sabemos que o problema atinge pelo menos o Norte e o Nordeste&#8221;, declarou ao Uol Jo\u00e3o Bosco de Almeida, presidente da Companhia Hidroel\u00e9trica do S\u00e3o Francisco (Chesf). Ele disse que equipes j\u00e1 est\u00e1 trabalhando para normalizar a situa\u00e7\u00e3o e que ainda n\u00e3o se sabe o que causou o apag\u00e3o.<\/p>\n<p><strong>Redes Sociais<\/strong><\/p>\n<p>Pela internet, moradores de outros estados tamb\u00e9m reclamam do apag\u00e3o &#8211; al\u00e9m dos j\u00e1 citados, h\u00e1 queixas de Amazonas, Amap\u00e1, Minas Gerais, Mato Grosso, Mato Grosso do Sul e parte do Distrito Federal.\u00a0 Segundo o ONS, a luz voltou ao normal e Tocantins e no Par\u00e1 por volta das 1h30 (hor\u00e1rio de Bras\u00edlia).\u00a0 A energia come\u00e7\u00e7ou a voltar ao Maranh\u00e3o e \u00e0 Regi\u00e3o Metropolitana de Recife (PE)\u00a0 por volta das 2h de sexta.<\/p>\n<p>&nbsp;<\/p>\n","protected":false},"excerpt":{"rendered":"<p>&nbsp; Correio O apag\u00e3o que afetou os\u00a0417 munic\u00edpios da Bahia, todos os estados do Nordeste, parte do Par\u00e1, Tocantins e o Distrito Federal\u00a0no final da noite de quinta (25) e madrugada desta sexta (26), pode ter sido causado por um inc\u00eandio em um equipamento entre duas subesta\u00e7\u00f5es de energia. A informa\u00e7\u00e3o foi divulgada pelo Operador [&hellip;]<\/p>\n","protected":false},"author":2,"featured_media":0,"comment_status":"open","ping_status":"open","sticky":false,"template":"","format":"standard","meta":{"footnotes":"","_links_to":"","_links_to_target":""},"categories":[1],"tags":[],"class_list":["post-21612","post","type-post","status-publish","format-standard","hentry","category-geral"],"views":1312,"_links":{"self":[{"href":"https:\/\/www.sudoestehoje.com.br\/novoportal\/wp-json\/wp\/v2\/posts\/21612","targetHints":{"allow":["GET"]}}],"collection":[{"href":"https:\/\/www.sudoestehoje.com.br\/novoportal\/wp-json\/wp\/v2\/posts"}],"about":[{"href":"https:\/\/www.sudoestehoje.com.br\/novoportal\/wp-json\/wp\/v2\/types\/post"}],"author":[{"embeddable":true,"href":"https:\/\/www.sudoestehoje.com.br\/novoportal\/wp-json\/wp\/v2\/users\/2"}],"replies":[{"embeddable":true,"href":"https:\/\/www.sudoestehoje.com.br\/novoportal\/wp-json\/wp\/v2\/comments?post=21612"}],"version-history":[{"count":3,"href":"https:\/\/www.sudoestehoje.com.br\/novoportal\/wp-json\/wp\/v2\/posts\/21612\/revisions"}],"predecessor-version":[{"id":21615,"href":"https:\/\/www.sudoestehoje.com.br\/novoportal\/wp-json\/wp\/v2\/posts\/21612\/revisions\/21615"}],"wp:attachment":[{"href":"https:\/\/www.sudoestehoje.com.br\/novoportal\/wp-json\/wp\/v2\/media?parent=21612"}],"wp:term":[{"taxonomy":"category","embeddable":true,"href":"https:\/\/www.sudoestehoje.com.br\/novoportal\/wp-json\/wp\/v2\/categories?post=21612"},{"taxonomy":"post_tag","embeddable":true,"href":"https:\/\/www.sudoestehoje.com.br\/novoportal\/wp-json\/wp\/v2\/tags?post=21612"}],"curies":[{"name":"wp","href":"https:\/\/api.w.org\/{rel}","templated":true}]}}