
{"id":216,"date":"2010-09-02T00:16:52","date_gmt":"2010-09-02T03:16:52","guid":{"rendered":"http:\/\/sudoestehoje.tempsite.ws\/novoportal\/?p=216"},"modified":"2010-09-18T13:46:27","modified_gmt":"2010-09-18T16:46:27","slug":"denuncia-prefeito-quer-terceirizar-o-pier-da-lagoa-sem-licitacao","status":"publish","type":"post","link":"https:\/\/www.sudoestehoje.com.br\/novoportal\/2010\/09\/02\/denuncia-prefeito-quer-terceirizar-o-pier-da-lagoa-sem-licitacao\/","title":{"rendered":"DEN\u00daNCIA: PREFEITO QUER TERCEIRIZAR O &#8216;PIER DA LAGOA&#8217; SEM LICITA\u00c7\u00c3O"},"content":{"rendered":"<div>\n<div style=\"text-align: center;\"><img decoding=\"async\" src=\"http:\/\/www.uesb.br\/conpex\/fotos\/foto8.jpg\" border=\"0\" alt=\"\" \/><\/div>\n<div style=\"text-align: center;\"><strong>O Pier da Lagoa \u00e9 propriedade p\u00fablica do munic\u00edpio, ou n\u00e3o?<\/strong><\/div>\n<p>ITAPETINGA:  O espa\u00e7o p\u00fablico conhecido como\u00a0&#8216;Pier da Lagoa&#8217; \u00e9 um dos locais mais  apraz\u00edveis de Itapetinga, sendo considerado um dos mais belos cart\u00f5es  postais da cidade. Localizado no Parque da Lagoa, o espa\u00e7o foi projetado  para funcionar como restaurante e isto vem sendo feito desde a sua  inaugura\u00e7\u00e3o. A explora\u00e7\u00e3o do restaurante foi entregue a particulares,  sem licita\u00e7\u00e3o p\u00fablica, tornando-se objeto de cr\u00edticas pelos pol\u00edticos de  oposi\u00e7\u00e3o ao ex-prefeito Michel Hagge, inclusive os petistas que hoje  administram o munic\u00edpio.<\/p>\n<p>Por ser um ponto  comercial importante, o Restaurante Pier da Lagoa passou a ser objeto de  cobi\u00e7a por pessoas do grupo do prefeito Z\u00e9 Carlos Moura, que v\u00eam  pressionando o alcaide a retom\u00e1-lo,\u00a0para que seja entregue a algum  &#8216;correligion\u00e1rio&#8217;. Os candidatos s\u00e3o muitos e a\u00a0disputa j\u00e1 foi aberta,  com gente fazendo &#8216;romaria&#8217; ao gabinete do prefeito, para reinvindicar o  &#8216;direito&#8217; de concess\u00e3o do espa\u00e7o p\u00fablico, que dever\u00e1 ser devolvido pelo  antigo concession\u00e1rio, de livre e expont\u00e2nea vontade, nos pr\u00f3ximos  dias. Mas h\u00e1 informa\u00e7\u00f5es de\u00a0que a escolha do &#8216;felizardo&#8217; j\u00e1 foi feita  pelo prefeito, que dever\u00e1 entregar o Pier\u00a0ao &#8216;correligion\u00e1rio&#8217;,  totalmente reformado com dinheiro p\u00fablico.<\/p>\n<p>Acontece  que, por se tratar de\u00a0propriedade\u00a0p\u00fablica, a concess\u00e3o s\u00f3 poder\u00e1 ser  realizada atrav\u00e9s de processo licitat\u00f3rio, de conformidade com o que  estabelece a Lei n\u00ba 8.666 (Lei de Licita\u00e7\u00f5es), sob pena de ser  considerada &#8216;nula de pleno direito&#8217;, incorrendo o prefeito em crime de  responsabilidade e improbidade administrativa.\u00a0Ademais, o atual  prefeito,\u00a0como um dos cr\u00edticos do seu antecessor e pregador de  &#8216;mudan\u00e7as&#8217;, n\u00e3o pode\u00a0incorrer no mesmo erro, at\u00e9 porque o Minist\u00e9rio  P\u00fablico de\u00a0hoje \u00e9 mais atento e n\u00e3o vai passar a m\u00e3o pela cabe\u00e7a de  ningu\u00e9m. Estamos de olho!<\/p>\n<p>Davi Ferraz<\/p>\n<\/div>\n","protected":false},"excerpt":{"rendered":"<p>O Pier da Lagoa \u00e9 propriedade p\u00fablica do munic\u00edpio, ou n\u00e3o? ITAPETINGA: O espa\u00e7o p\u00fablico conhecido como\u00a0&#8216;Pier da Lagoa&#8217; \u00e9 um dos locais mais apraz\u00edveis de Itapetinga, sendo considerado um dos mais belos cart\u00f5es postais da cidade. Localizado no Parque da Lagoa, o espa\u00e7o foi projetado para funcionar como restaurante e isto vem sendo feito [&hellip;]<\/p>\n","protected":false},"author":1,"featured_media":0,"comment_status":"open","ping_status":"open","sticky":false,"template":"","format":"standard","meta":{"footnotes":"","_links_to":"","_links_to_target":""},"categories":[10],"tags":[],"class_list":["post-216","post","type-post","status-publish","format-standard","hentry","category-itapetinga"],"views":1311,"_links":{"self":[{"href":"https:\/\/www.sudoestehoje.com.br\/novoportal\/wp-json\/wp\/v2\/posts\/216","targetHints":{"allow":["GET"]}}],"collection":[{"href":"https:\/\/www.sudoestehoje.com.br\/novoportal\/wp-json\/wp\/v2\/posts"}],"about":[{"href":"https:\/\/www.sudoestehoje.com.br\/novoportal\/wp-json\/wp\/v2\/types\/post"}],"author":[{"embeddable":true,"href":"https:\/\/www.sudoestehoje.com.br\/novoportal\/wp-json\/wp\/v2\/users\/1"}],"replies":[{"embeddable":true,"href":"https:\/\/www.sudoestehoje.com.br\/novoportal\/wp-json\/wp\/v2\/comments?post=216"}],"version-history":[{"count":1,"href":"https:\/\/www.sudoestehoje.com.br\/novoportal\/wp-json\/wp\/v2\/posts\/216\/revisions"}],"predecessor-version":[{"id":217,"href":"https:\/\/www.sudoestehoje.com.br\/novoportal\/wp-json\/wp\/v2\/posts\/216\/revisions\/217"}],"wp:attachment":[{"href":"https:\/\/www.sudoestehoje.com.br\/novoportal\/wp-json\/wp\/v2\/media?parent=216"}],"wp:term":[{"taxonomy":"category","embeddable":true,"href":"https:\/\/www.sudoestehoje.com.br\/novoportal\/wp-json\/wp\/v2\/categories?post=216"},{"taxonomy":"post_tag","embeddable":true,"href":"https:\/\/www.sudoestehoje.com.br\/novoportal\/wp-json\/wp\/v2\/tags?post=216"}],"curies":[{"name":"wp","href":"https:\/\/api.w.org\/{rel}","templated":true}]}}