
{"id":21588,"date":"2012-10-25T17:26:59","date_gmt":"2012-10-25T20:26:59","guid":{"rendered":"http:\/\/www.sudoestehoje.com.br\/novoportal\/?p=21588"},"modified":"2012-10-25T17:26:59","modified_gmt":"2012-10-25T20:26:59","slug":"entulho-inconveniente","status":"publish","type":"post","link":"https:\/\/www.sudoestehoje.com.br\/novoportal\/2012\/10\/25\/entulho-inconveniente\/","title":{"rendered":"ENTULHO INCONVENIENTE"},"content":{"rendered":"<p><a href=\"http:\/\/www.sudoestehoje.com.br\/novoportal\/wp-content\/uploads\/2012\/10\/GEDC6955.jpg\"><img loading=\"lazy\" decoding=\"async\" class=\"aligncenter size-medium wp-image-21589\" title=\"GEDSC DIGITAL CAMERA\" src=\"http:\/\/www.sudoestehoje.com.br\/novoportal\/wp-content\/uploads\/2012\/10\/GEDC6955-500x281.jpg\" alt=\"\" width=\"500\" height=\"281\" srcset=\"https:\/\/www.sudoestehoje.com.br\/novoportal\/wp-content\/uploads\/2012\/10\/GEDC6955-500x281.jpg 500w, https:\/\/www.sudoestehoje.com.br\/novoportal\/wp-content\/uploads\/2012\/10\/GEDC6955-700x393.jpg 700w, https:\/\/www.sudoestehoje.com.br\/novoportal\/wp-content\/uploads\/2012\/10\/GEDC6955.jpg 1920w\" sizes=\"auto, (max-width: 500px) 100vw, 500px\" \/><\/a><\/p>\n<p style=\"text-align: center;\"><em>O local j\u00e1 virou dep\u00f3sito permanente de lixo e entulho\u00a0<\/em><\/p>\n<p>&nbsp;<\/p>\n<p>Um entulho depositado sobre a cal\u00e7ada, no cruzamento das ruas Bar\u00e3o do Rio Branco com Conde\u00faba, vem causando transtornos a pedestres e motoristas, h\u00e1 meses. Reclama\u00e7\u00f5es j\u00e1 foram feitas na Secretaria Municipal de Transportes e Servi\u00e7os P\u00fabicos, mas nada foi resolvido e o entulho continua l\u00e1, atrapalhando a tr\u00e2nsito de pedestres e o tr\u00e1fego de ve\u00edculos.<\/p>\n<p>O argumento de que &#8220;a culpa \u00e9 da popula\u00e7\u00e3o mal educada&#8221;, \u00e9 injustific\u00e1vel, pois cabe ao poder p\u00fablico coibir essa pr\u00e1tica e punir os respons\u00e1veis pelo descumprimento da lei. Quem tem os instrumentos para isto \u00e9 o poder p\u00fablico e n\u00e3o cidad\u00e3o comum., mas falta boa vontade por parte dos \u00f3rg\u00e3os competentes.<\/p>\n<p><strong><em>Por Davi Ferraz \u00a0<\/em><\/strong><\/p>\n","protected":false},"excerpt":{"rendered":"<p>O local j\u00e1 virou dep\u00f3sito permanente de lixo e entulho\u00a0 &nbsp; Um entulho depositado sobre a cal\u00e7ada, no cruzamento das ruas Bar\u00e3o do Rio Branco com Conde\u00faba, vem causando transtornos a pedestres e motoristas, h\u00e1 meses. Reclama\u00e7\u00f5es j\u00e1 foram feitas na Secretaria Municipal de Transportes e Servi\u00e7os P\u00fabicos, mas nada foi resolvido e o entulho [&hellip;]<\/p>\n","protected":false},"author":2,"featured_media":0,"comment_status":"open","ping_status":"open","sticky":false,"template":"","format":"standard","meta":{"footnotes":"","_links_to":"","_links_to_target":""},"categories":[1],"tags":[],"class_list":["post-21588","post","type-post","status-publish","format-standard","hentry","category-geral"],"views":1249,"_links":{"self":[{"href":"https:\/\/www.sudoestehoje.com.br\/novoportal\/wp-json\/wp\/v2\/posts\/21588","targetHints":{"allow":["GET"]}}],"collection":[{"href":"https:\/\/www.sudoestehoje.com.br\/novoportal\/wp-json\/wp\/v2\/posts"}],"about":[{"href":"https:\/\/www.sudoestehoje.com.br\/novoportal\/wp-json\/wp\/v2\/types\/post"}],"author":[{"embeddable":true,"href":"https:\/\/www.sudoestehoje.com.br\/novoportal\/wp-json\/wp\/v2\/users\/2"}],"replies":[{"embeddable":true,"href":"https:\/\/www.sudoestehoje.com.br\/novoportal\/wp-json\/wp\/v2\/comments?post=21588"}],"version-history":[{"count":3,"href":"https:\/\/www.sudoestehoje.com.br\/novoportal\/wp-json\/wp\/v2\/posts\/21588\/revisions"}],"predecessor-version":[{"id":21592,"href":"https:\/\/www.sudoestehoje.com.br\/novoportal\/wp-json\/wp\/v2\/posts\/21588\/revisions\/21592"}],"wp:attachment":[{"href":"https:\/\/www.sudoestehoje.com.br\/novoportal\/wp-json\/wp\/v2\/media?parent=21588"}],"wp:term":[{"taxonomy":"category","embeddable":true,"href":"https:\/\/www.sudoestehoje.com.br\/novoportal\/wp-json\/wp\/v2\/categories?post=21588"},{"taxonomy":"post_tag","embeddable":true,"href":"https:\/\/www.sudoestehoje.com.br\/novoportal\/wp-json\/wp\/v2\/tags?post=21588"}],"curies":[{"name":"wp","href":"https:\/\/api.w.org\/{rel}","templated":true}]}}