
{"id":21558,"date":"2012-10-24T18:13:01","date_gmt":"2012-10-24T21:13:01","guid":{"rendered":"http:\/\/www.sudoestehoje.com.br\/novoportal\/?p=21558"},"modified":"2012-10-24T19:11:23","modified_gmt":"2012-10-24T22:11:23","slug":"tufao-ja-pegava-nina-durante-as-gravacoes-de-avenida-brasil","status":"publish","type":"post","link":"https:\/\/www.sudoestehoje.com.br\/novoportal\/2012\/10\/24\/tufao-ja-pegava-nina-durante-as-gravacoes-de-avenida-brasil\/","title":{"rendered":"TUF\u00c3O J\u00c1 PEGAVA NINA DURANTE AS GRAVA\u00c7\u00d5ES DE &#8220;AVENIDA BRASIL&#8221;"},"content":{"rendered":"<p><img decoding=\"async\" class=\"aligncenter\" src=\"http:\/\/www.bahianoticias.com.br\/fotos\/principal_noticias\/125108\/IMAGEM_NOTICIA_5.jpg\" alt=\"Murilo Ben\u00edcio assume namoro com D\u00e9bora Falabella\" width=\"400\" \/><\/p>\n<p style=\"text-align: center;\"><em>Romance era mantido em segredo durante as grava\u00e7\u00f5es da novela\u00a0<\/em><\/p>\n<p>&nbsp;<\/p>\n<p>Murilo Ben\u00edcio assumiu, ap\u00f3s muitos boatos e alguns flagras suspeitos, o romance com D\u00e9bora Falabella, sua colega de elenco na novela &#8216;Avenida Brasil&#8217;. &#8220;Namorando, n\u00e3o. Estamos praticamente casados&#8221;, disse o ator em entrevista \u00e0 Mar\u00edlia Gabriela, para o programa da jornalista no canal GNT.<\/p>\n<p>Ben\u00edcio fez quest\u00e3o de explicar os motivos que levaram ele e amada a manter a rela\u00e7\u00e3o em segredo. Tanto ele quanto D\u00e9bora passaram por separa\u00e7\u00f5es recentemente, e por isso a discri\u00e7\u00e3o. A entrevista completa de Ben\u00edcio para Mar\u00edlia Gabriela vai ao ar neste domingo (28). Basta saber agora se o romance vai durar at\u00e9 a pr\u00f3xima atua\u00e7\u00e3o do ator, considerado um dos grandes &#8216;pegadores&#8217; das novelas.<\/p>\n<p>O gal\u00e3 da TV Globo j\u00e1 se relacionou com diversas atrizes com quem contracenou. A lista \u00e9 longa e conta com as globais Carolina Ferraz, em &#8216;Por Amor&#8217;, &#8216;Giovana Antoneli&#8217;, em &#8216;O Clone&#8217;, Alessandra Negrini, em &#8216;Meu Bem Querer&#8217; e &#8216;Guilhermina Guinle, no filme &#8216;Inesquec\u00edvel&#8217;.<\/p>\n","protected":false},"excerpt":{"rendered":"<p>Romance era mantido em segredo durante as grava\u00e7\u00f5es da novela\u00a0 &nbsp; Murilo Ben\u00edcio assumiu, ap\u00f3s muitos boatos e alguns flagras suspeitos, o romance com D\u00e9bora Falabella, sua colega de elenco na novela &#8216;Avenida Brasil&#8217;. &#8220;Namorando, n\u00e3o. Estamos praticamente casados&#8221;, disse o ator em entrevista \u00e0 Mar\u00edlia Gabriela, para o programa da jornalista no canal GNT. [&hellip;]<\/p>\n","protected":false},"author":2,"featured_media":0,"comment_status":"open","ping_status":"open","sticky":false,"template":"","format":"standard","meta":{"footnotes":"","_links_to":"","_links_to_target":""},"categories":[1],"tags":[],"class_list":["post-21558","post","type-post","status-publish","format-standard","hentry","category-geral"],"views":1171,"_links":{"self":[{"href":"https:\/\/www.sudoestehoje.com.br\/novoportal\/wp-json\/wp\/v2\/posts\/21558","targetHints":{"allow":["GET"]}}],"collection":[{"href":"https:\/\/www.sudoestehoje.com.br\/novoportal\/wp-json\/wp\/v2\/posts"}],"about":[{"href":"https:\/\/www.sudoestehoje.com.br\/novoportal\/wp-json\/wp\/v2\/types\/post"}],"author":[{"embeddable":true,"href":"https:\/\/www.sudoestehoje.com.br\/novoportal\/wp-json\/wp\/v2\/users\/2"}],"replies":[{"embeddable":true,"href":"https:\/\/www.sudoestehoje.com.br\/novoportal\/wp-json\/wp\/v2\/comments?post=21558"}],"version-history":[{"count":4,"href":"https:\/\/www.sudoestehoje.com.br\/novoportal\/wp-json\/wp\/v2\/posts\/21558\/revisions"}],"predecessor-version":[{"id":21560,"href":"https:\/\/www.sudoestehoje.com.br\/novoportal\/wp-json\/wp\/v2\/posts\/21558\/revisions\/21560"}],"wp:attachment":[{"href":"https:\/\/www.sudoestehoje.com.br\/novoportal\/wp-json\/wp\/v2\/media?parent=21558"}],"wp:term":[{"taxonomy":"category","embeddable":true,"href":"https:\/\/www.sudoestehoje.com.br\/novoportal\/wp-json\/wp\/v2\/categories?post=21558"},{"taxonomy":"post_tag","embeddable":true,"href":"https:\/\/www.sudoestehoje.com.br\/novoportal\/wp-json\/wp\/v2\/tags?post=21558"}],"curies":[{"name":"wp","href":"https:\/\/api.w.org\/{rel}","templated":true}]}}