
{"id":21538,"date":"2012-10-24T00:14:46","date_gmt":"2012-10-24T03:14:46","guid":{"rendered":"http:\/\/www.sudoestehoje.com.br\/novoportal\/?p=21538"},"modified":"2012-10-24T00:14:46","modified_gmt":"2012-10-24T03:14:46","slug":"pena-de-marcos-valerio-chega-a-11-anos-de-prisao-e-pode-aumentar","status":"publish","type":"post","link":"https:\/\/www.sudoestehoje.com.br\/novoportal\/2012\/10\/24\/pena-de-marcos-valerio-chega-a-11-anos-de-prisao-e-pode-aumentar\/","title":{"rendered":"PENA DE MARCOS VAL\u00c9RIO CHEGA A 11 ANOS DE PRIS\u00c3O E PODE AUMENTAR"},"content":{"rendered":"<div><img decoding=\"async\" class=\"aligncenter\" src=\"http:\/\/www.alagoas24horas.com.br\/legba\/bancoDeMidia\/c\/0\/%7Bc0d82725-c2c3-4f81-a6d9-6a6ee06469b5%7D_valerio.jpg\" alt=\"\" width=\"400\" \/><\/div>\n<div><\/div>\n<div><\/div>\n<div>O Supremo Tribunal Federal (STF) encerrou a sess\u00e3o desta ter\u00e7a-feira (23) com pena parcial de 11 anos e oito meses de pris\u00e3o para o publicit\u00e1rio Marcos Val\u00e9rio, considerado o principal articulador do esquema do mensal\u00e3o. A legisla\u00e7\u00e3o penal prev\u00ea regime fechado para pena acima de oito anos de pris\u00e3o.\u00a0A condena\u00e7\u00e3o de Val\u00e9rio,\u00a0<a href=\"http:\/\/bahianoticias.com.br\/principal\/noticia\/125034-mensalao-stf-condena-marcos-valerio-que-pegara-pelo-menos-sete-anos-de-prisao.html\" target=\"_blank\"><strong>que j\u00e1 somava sete anos de deten\u00e7\u00e3o<\/strong><\/a>\u00a0antes do intervalo da sess\u00e3o no final da tarde desta ter\u00e7a, foi ampliada com a retomada da sess\u00e3o, quando os ministros encerraram o item que trata de desvio de dinheiro p\u00fablico na C\u00e2mara dos Deputados.\u00a0Ao analisar a infra\u00e7\u00e3o de peculato no contrato fechado entre a C\u00e2mara e a SMP&amp;B, o STF condenou Val\u00e9rio a quatro anos e oito meses de reclus\u00e3o mais 210 dias-multa, que correspondem a R$ 546 mil. Ao todo, ele acumula uma multa de R$ 978 mil, que ainda precisa de atualiza\u00e7\u00e3o monet\u00e1ria.<\/div>\n<div><\/div>\n","protected":false},"excerpt":{"rendered":"<p>O Supremo Tribunal Federal (STF) encerrou a sess\u00e3o desta ter\u00e7a-feira (23) com pena parcial de 11 anos e oito meses de pris\u00e3o para o publicit\u00e1rio Marcos Val\u00e9rio, considerado o principal articulador do esquema do mensal\u00e3o. A legisla\u00e7\u00e3o penal prev\u00ea regime fechado para pena acima de oito anos de pris\u00e3o.\u00a0A condena\u00e7\u00e3o de Val\u00e9rio,\u00a0que j\u00e1 somava sete [&hellip;]<\/p>\n","protected":false},"author":2,"featured_media":0,"comment_status":"open","ping_status":"open","sticky":false,"template":"","format":"standard","meta":{"footnotes":"","_links_to":"","_links_to_target":""},"categories":[1],"tags":[],"class_list":["post-21538","post","type-post","status-publish","format-standard","hentry","category-geral"],"views":1211,"_links":{"self":[{"href":"https:\/\/www.sudoestehoje.com.br\/novoportal\/wp-json\/wp\/v2\/posts\/21538","targetHints":{"allow":["GET"]}}],"collection":[{"href":"https:\/\/www.sudoestehoje.com.br\/novoportal\/wp-json\/wp\/v2\/posts"}],"about":[{"href":"https:\/\/www.sudoestehoje.com.br\/novoportal\/wp-json\/wp\/v2\/types\/post"}],"author":[{"embeddable":true,"href":"https:\/\/www.sudoestehoje.com.br\/novoportal\/wp-json\/wp\/v2\/users\/2"}],"replies":[{"embeddable":true,"href":"https:\/\/www.sudoestehoje.com.br\/novoportal\/wp-json\/wp\/v2\/comments?post=21538"}],"version-history":[{"count":3,"href":"https:\/\/www.sudoestehoje.com.br\/novoportal\/wp-json\/wp\/v2\/posts\/21538\/revisions"}],"predecessor-version":[{"id":21541,"href":"https:\/\/www.sudoestehoje.com.br\/novoportal\/wp-json\/wp\/v2\/posts\/21538\/revisions\/21541"}],"wp:attachment":[{"href":"https:\/\/www.sudoestehoje.com.br\/novoportal\/wp-json\/wp\/v2\/media?parent=21538"}],"wp:term":[{"taxonomy":"category","embeddable":true,"href":"https:\/\/www.sudoestehoje.com.br\/novoportal\/wp-json\/wp\/v2\/categories?post=21538"},{"taxonomy":"post_tag","embeddable":true,"href":"https:\/\/www.sudoestehoje.com.br\/novoportal\/wp-json\/wp\/v2\/tags?post=21538"}],"curies":[{"name":"wp","href":"https:\/\/api.w.org\/{rel}","templated":true}]}}