
{"id":21522,"date":"2012-10-23T12:01:59","date_gmt":"2012-10-23T15:01:59","guid":{"rendered":"http:\/\/www.sudoestehoje.com.br\/novoportal\/?p=21522"},"modified":"2012-10-23T12:01:59","modified_gmt":"2012-10-23T15:01:59","slug":"homem-comparece-ao-proprio-velorio-e-causa-maior-alvoroco","status":"publish","type":"post","link":"https:\/\/www.sudoestehoje.com.br\/novoportal\/2012\/10\/23\/homem-comparece-ao-proprio-velorio-e-causa-maior-alvoroco\/","title":{"rendered":"HOMEM COMPARECE AO PR\u00d3PRIO VEL\u00d3RIO E CAUSA MAIOR ALVORO\u00c7O"},"content":{"rendered":"<p><img decoding=\"async\" class=\"aligncenter\" src=\"http:\/\/www.bahianoticias.com.br\/fotos\/principal_noticias\/125004\/IMAGEM_NOTICIA_5.jpg\" alt=\"Homem interrompe o 'pr\u00f3prio' vel\u00f3rio em Alagoinhas\" width=\"400\" \/><\/p>\n<p>&nbsp;<\/p>\n<p>ALAGOINHAS: O lavador de carros Gilberto Ara\u00fajo, de 41 anos, foi ao \u201cpr\u00f3prio\u201d vel\u00f3rio em Alagoinhas, ap\u00f3s sua fam\u00edlia ter reconhecido erradamente o corpo de outro homem no Departamento de Pol\u00edcia T\u00e9cnica (DPT) como se fosse seu. A semelhan\u00e7a do morto, de identidade ainda desconhecida, com o lavador causou o engano dos parentes de Ara\u00fajo desde o reconhecimento at\u00e9 o vel\u00f3rio. <em>\u201cFoi um susto. As meninas ca\u00edram, desmaiaram. Teve gente correndo. A rua encheu de moto, de carro, de tudo\u201d<\/em>, relatou a vendedora Maria Menezes, ao relatar a rea\u00e7\u00e3o das pessoas \u00e0 chegada de Ara\u00fajo ao vel\u00f3rio.<\/p>\n<p>Previsto para o final da manh\u00e3 de segunda-feira (22), o enterro foi cancelado e o corpo, devolvido \u00e0 Pol\u00edcia T\u00e9cnica. <em>\u201cVai ser ter tudo desconstitu\u00eddo e agora vai ser mais trabalho para a Justi\u00e7a, tanto documental, quanto processual. Iremos come\u00e7ar do zero mais uma vez\u201d<\/em>, afirmou o delegado Glauco Suzart.<\/p>\n<p>Informa\u00e7\u00f5es do G1.<\/p>\n","protected":false},"excerpt":{"rendered":"<p>&nbsp; ALAGOINHAS: O lavador de carros Gilberto Ara\u00fajo, de 41 anos, foi ao \u201cpr\u00f3prio\u201d vel\u00f3rio em Alagoinhas, ap\u00f3s sua fam\u00edlia ter reconhecido erradamente o corpo de outro homem no Departamento de Pol\u00edcia T\u00e9cnica (DPT) como se fosse seu. A semelhan\u00e7a do morto, de identidade ainda desconhecida, com o lavador causou o engano dos parentes de [&hellip;]<\/p>\n","protected":false},"author":2,"featured_media":0,"comment_status":"open","ping_status":"open","sticky":false,"template":"","format":"standard","meta":{"footnotes":"","_links_to":"","_links_to_target":""},"categories":[1],"tags":[],"class_list":["post-21522","post","type-post","status-publish","format-standard","hentry","category-geral"],"views":2134,"_links":{"self":[{"href":"https:\/\/www.sudoestehoje.com.br\/novoportal\/wp-json\/wp\/v2\/posts\/21522","targetHints":{"allow":["GET"]}}],"collection":[{"href":"https:\/\/www.sudoestehoje.com.br\/novoportal\/wp-json\/wp\/v2\/posts"}],"about":[{"href":"https:\/\/www.sudoestehoje.com.br\/novoportal\/wp-json\/wp\/v2\/types\/post"}],"author":[{"embeddable":true,"href":"https:\/\/www.sudoestehoje.com.br\/novoportal\/wp-json\/wp\/v2\/users\/2"}],"replies":[{"embeddable":true,"href":"https:\/\/www.sudoestehoje.com.br\/novoportal\/wp-json\/wp\/v2\/comments?post=21522"}],"version-history":[{"count":3,"href":"https:\/\/www.sudoestehoje.com.br\/novoportal\/wp-json\/wp\/v2\/posts\/21522\/revisions"}],"predecessor-version":[{"id":21525,"href":"https:\/\/www.sudoestehoje.com.br\/novoportal\/wp-json\/wp\/v2\/posts\/21522\/revisions\/21525"}],"wp:attachment":[{"href":"https:\/\/www.sudoestehoje.com.br\/novoportal\/wp-json\/wp\/v2\/media?parent=21522"}],"wp:term":[{"taxonomy":"category","embeddable":true,"href":"https:\/\/www.sudoestehoje.com.br\/novoportal\/wp-json\/wp\/v2\/categories?post=21522"},{"taxonomy":"post_tag","embeddable":true,"href":"https:\/\/www.sudoestehoje.com.br\/novoportal\/wp-json\/wp\/v2\/tags?post=21522"}],"curies":[{"name":"wp","href":"https:\/\/api.w.org\/{rel}","templated":true}]}}