
{"id":21514,"date":"2012-10-22T23:24:10","date_gmt":"2012-10-23T02:24:10","guid":{"rendered":"http:\/\/www.sudoestehoje.com.br\/novoportal\/?p=21514"},"modified":"2012-10-22T23:24:10","modified_gmt":"2012-10-23T02:24:10","slug":"supremo-condena-dirceu-e-mais-9-por-formacao-de-quadrilha","status":"publish","type":"post","link":"https:\/\/www.sudoestehoje.com.br\/novoportal\/2012\/10\/22\/supremo-condena-dirceu-e-mais-9-por-formacao-de-quadrilha\/","title":{"rendered":"SUPREMO CONDENA DIRCEU E MAIS 9 POR FORMA\u00c7\u00c3O DE QUADRILHA"},"content":{"rendered":"<p><img decoding=\"async\" class=\"aligncenter\" src=\"http:\/\/www.idadecerta.com.br\/blog\/wp-content\/uploads\/2012\/08\/Jos%C3%A9-dirceu-genuino-valerio-e-del%C3%BAbio-001.jpg\" alt=\"\" width=\"400\" \/><\/p>\n<p>&nbsp;<\/p>\n<p>Na conclus\u00e3o do \u00faltimo cap\u00edtulo do mensal\u00e3o, o STF (Supremo Tribunal Federal) condenou nesta segunda-feira o ex-ministro Jos\u00e9 Dirceu (Casa Civil), homem forte do in\u00edcio do governo Lula, e mais nove r\u00e9us por forma\u00e7\u00e3o de quadrilha.<\/p>\n<p>A maioria dos ministros entendeu que os integrantes do esquema se reuniram com o objetivo de comprar apoio pol\u00edtico no Congresso nos primeiros anos do governo Lula (2003-2010), tendo desviados recursos p\u00fablicos que foram misturados a empr\u00e9stimos fict\u00edcios. Essa pr\u00e1tica foi realizada por um grupo criminoso era formado por integrantes dos tr\u00eas n\u00facleos &#8211;pol\u00edtico, publicit\u00e1rio e financeiro.<\/p>\n<p>Por 6 votos a 4, al\u00e9m de Dirceu, foram condenados: ex-presidente do PT Jos\u00e9 Genoino, o ex-tesoureiro Del\u00fabio Soares, o empres\u00e1rio Marcos Val\u00e9rio, seus s\u00f3cios Ramon Hollerbach e Cristiano Paz, sua funcion\u00e1ria Simone Vasconcelos, al\u00e9m de r\u00e9us ligados ao Banco Rural K\u00e1tia Rabello e Jos\u00e9 Roberto Salgado. Votaram nesse sentido: Joaquim Barbosa, relator, Luiz Fux, Gilmar Mendes, Marco Aur\u00e9lio, Celso de Mello e Carlos Ayres Britto.<!--more--><\/p>\n<p>Ele rebateram os argumentos dos ministros Ricardo Lewandowski, Rosa Weber, C\u00e1rmen L\u00facia e Dias Toffoli, que n\u00e3o viram a forma\u00e7\u00e3o de uma quadrilha, mas coautoria. Esses ministros defenderam que foi configurada coautoria, uni\u00e3o feita em dado momento, para cometer um crime espec\u00edfico &#8211;no caso, compra de apoio pol\u00edtico.<\/p>\n<p>Nessa avalia\u00e7\u00e3o, o grupo de Dirceu se uniu no in\u00edcio do governo Lula com o objetivo \u00fanico de corromper parlamentares em troca da fidelidade da base aliada.<\/p>\n<p>Os ministros ainda absolveram Ayanna Ten\u00f3rio, ex-vice-presidente do Banco Rural, e Geiza Dias, ex-funcion\u00e1ria do empres\u00e1rio Marcos Val\u00e9rio, dos crimes de que eram acusadas no mensal\u00e3o. Eles deixam indefinida por conta de empate a situa\u00e7\u00e3o de Vinicius Samarane, ligado ao Rural. A tend\u00eancia \u00e9 que ele seja beneficiado com a absolvi\u00e7\u00e3o.<\/p>\n<p>Os ministros devem come\u00e7ar a partir de amanh\u00e3 a definir o tamanho das penas dos condenados. Depois de quase tr\u00eas meses e 39 sess\u00f5es do maior julgamento de sua hist\u00f3ria, foram 25 punidos por crimes como peculato, corrup\u00e7\u00e3o ativa e passiva, lavagem de dinheiro, gest\u00e3o fraudulenta, evas\u00e3o de divisas e quadrilha. Tamb\u00e9m tiveram nove pessoas absolvidas e a configura\u00e7\u00e3o de sete empates.<\/p>\n","protected":false},"excerpt":{"rendered":"<p>&nbsp; Na conclus\u00e3o do \u00faltimo cap\u00edtulo do mensal\u00e3o, o STF (Supremo Tribunal Federal) condenou nesta segunda-feira o ex-ministro Jos\u00e9 Dirceu (Casa Civil), homem forte do in\u00edcio do governo Lula, e mais nove r\u00e9us por forma\u00e7\u00e3o de quadrilha. A maioria dos ministros entendeu que os integrantes do esquema se reuniram com o objetivo de comprar apoio [&hellip;]<\/p>\n","protected":false},"author":2,"featured_media":0,"comment_status":"open","ping_status":"open","sticky":false,"template":"","format":"standard","meta":{"footnotes":"","_links_to":"","_links_to_target":""},"categories":[1],"tags":[],"class_list":["post-21514","post","type-post","status-publish","format-standard","hentry","category-geral"],"views":1407,"_links":{"self":[{"href":"https:\/\/www.sudoestehoje.com.br\/novoportal\/wp-json\/wp\/v2\/posts\/21514","targetHints":{"allow":["GET"]}}],"collection":[{"href":"https:\/\/www.sudoestehoje.com.br\/novoportal\/wp-json\/wp\/v2\/posts"}],"about":[{"href":"https:\/\/www.sudoestehoje.com.br\/novoportal\/wp-json\/wp\/v2\/types\/post"}],"author":[{"embeddable":true,"href":"https:\/\/www.sudoestehoje.com.br\/novoportal\/wp-json\/wp\/v2\/users\/2"}],"replies":[{"embeddable":true,"href":"https:\/\/www.sudoestehoje.com.br\/novoportal\/wp-json\/wp\/v2\/comments?post=21514"}],"version-history":[{"count":2,"href":"https:\/\/www.sudoestehoje.com.br\/novoportal\/wp-json\/wp\/v2\/posts\/21514\/revisions"}],"predecessor-version":[{"id":21516,"href":"https:\/\/www.sudoestehoje.com.br\/novoportal\/wp-json\/wp\/v2\/posts\/21514\/revisions\/21516"}],"wp:attachment":[{"href":"https:\/\/www.sudoestehoje.com.br\/novoportal\/wp-json\/wp\/v2\/media?parent=21514"}],"wp:term":[{"taxonomy":"category","embeddable":true,"href":"https:\/\/www.sudoestehoje.com.br\/novoportal\/wp-json\/wp\/v2\/categories?post=21514"},{"taxonomy":"post_tag","embeddable":true,"href":"https:\/\/www.sudoestehoje.com.br\/novoportal\/wp-json\/wp\/v2\/tags?post=21514"}],"curies":[{"name":"wp","href":"https:\/\/api.w.org\/{rel}","templated":true}]}}