
{"id":21469,"date":"2012-10-21T00:01:15","date_gmt":"2012-10-21T03:01:15","guid":{"rendered":"http:\/\/www.sudoestehoje.com.br\/novoportal\/?p=21469"},"modified":"2012-10-20T21:07:06","modified_gmt":"2012-10-21T00:07:06","slug":"itapetinga-secretaria-de-saude-e-investigada-pelo-mp-por-acumulo-indevido-de-cargo-publico","status":"publish","type":"post","link":"https:\/\/www.sudoestehoje.com.br\/novoportal\/2012\/10\/21\/itapetinga-secretaria-de-saude-e-investigada-pelo-mp-por-acumulo-indevido-de-cargo-publico\/","title":{"rendered":"ITAPETINGA: SECRET\u00c1RIA DE SA\u00daDE \u00c9 INVESTIGADA PELO MP POR AC\u00daMULO INDEVIDO DE CARGO P\u00daBLICO"},"content":{"rendered":"<p><img decoding=\"async\" class=\"aligncenter\" src=\"http:\/\/4.bp.blogspot.com\/_NbLAPrFnETU\/ShWBHZ635lI\/AAAAAAAABag\/mXwpa_4Oln0\/s400\/SDC12055.JPG\" alt=\"\" width=\"400\" \/><\/p>\n<p>&nbsp;<\/p>\n<p>Segundo publica\u00e7\u00e3o no Di\u00e1rio da Justi\u00e7a da Bahia, um procedimento foi aberto por iniciativa da 3\u00aa \u00a0Promotoria de Justi\u00e7a de Itapetinga, para apurar &#8220;den\u00fancia de ac\u00famulo indevido de cargo p\u00fablico praticado pela Sra. Zoraide Vieira Cruz&#8221;, atual Secret\u00e1ria Municipal de Sa\u00fade de Itapetinga.<\/p>\n<p>O Minist\u00e9rio P\u00fablico precisa ir mais adiante e investigar outros casos de ac\u00famulo indevido de cargo p\u00fablico, inclusive no que diz respeito \u00e0 den\u00fancia formalizada desde junho \u00faltimo, pelo editor deste site, contra o Sr. Al\u00e9cio Chaves, ex-secret\u00e1rio municipal de educa\u00e7\u00e3o e vice-prefeito eleito, pela mesma pr\u00e1tica.<\/p>\n<p>Confira o resumo da publica\u00e7\u00e3o:<\/p>\n<p><em>&#8220;Di\u00e1rio da Justi\u00e7a da Bahia<\/em><\/p>\n<p><em>ORIGEM:3\u00aa PROMOTORIA DE JUSTI\u00c7A DE ITAPETINGA<\/em><\/p>\n<p><em>\u00c1REA: DEFESA DO PATRIM\u00d4NIO P\u00daBLICO E MORALIDADE ADMINISTRATIVA<\/em><br \/>\n<em>Procedimento Preparat\u00f3rio de IC n\u00ba (SIMP): 701.0.191427\/2012<\/em><br \/>\n<em>Objeto: APURAR DEN\u00daNCIA DE SUPOSTO AC\u00daMULO INDEVIDO DE CARGO P\u00daBLICO PRATICADO PELA SR\u00aa ZORAIDE VIEIRA CRUZ. (art. 37, inciso XVI, da CF\/88; art. 2\u00ba \u00a7 4\u00ba da Resolu\u00e7\u00e3o 23\/2007).<\/em><br \/>\n<em>Data de Instaura\u00e7\u00e3o: 11 DE SETEMBRO DE 2012<\/em><br \/>\n<em>Interessado: A SOCIEDADE<\/em><br \/>\n<em>Investigada: ZORAIDE VIEIRA CRUZ&#8221;<\/em><\/p>\n<p><em><strong>Por Davi Ferraz<\/strong><\/em><\/p>\n","protected":false},"excerpt":{"rendered":"<p>&nbsp; Segundo publica\u00e7\u00e3o no Di\u00e1rio da Justi\u00e7a da Bahia, um procedimento foi aberto por iniciativa da 3\u00aa \u00a0Promotoria de Justi\u00e7a de Itapetinga, para apurar &#8220;den\u00fancia de ac\u00famulo indevido de cargo p\u00fablico praticado pela Sra. Zoraide Vieira Cruz&#8221;, atual Secret\u00e1ria Municipal de Sa\u00fade de Itapetinga. O Minist\u00e9rio P\u00fablico precisa ir mais adiante e investigar outros casos [&hellip;]<\/p>\n","protected":false},"author":2,"featured_media":0,"comment_status":"open","ping_status":"open","sticky":false,"template":"","format":"standard","meta":{"footnotes":"","_links_to":"","_links_to_target":""},"categories":[1],"tags":[],"class_list":["post-21469","post","type-post","status-publish","format-standard","hentry","category-geral"],"views":1441,"_links":{"self":[{"href":"https:\/\/www.sudoestehoje.com.br\/novoportal\/wp-json\/wp\/v2\/posts\/21469","targetHints":{"allow":["GET"]}}],"collection":[{"href":"https:\/\/www.sudoestehoje.com.br\/novoportal\/wp-json\/wp\/v2\/posts"}],"about":[{"href":"https:\/\/www.sudoestehoje.com.br\/novoportal\/wp-json\/wp\/v2\/types\/post"}],"author":[{"embeddable":true,"href":"https:\/\/www.sudoestehoje.com.br\/novoportal\/wp-json\/wp\/v2\/users\/2"}],"replies":[{"embeddable":true,"href":"https:\/\/www.sudoestehoje.com.br\/novoportal\/wp-json\/wp\/v2\/comments?post=21469"}],"version-history":[{"count":6,"href":"https:\/\/www.sudoestehoje.com.br\/novoportal\/wp-json\/wp\/v2\/posts\/21469\/revisions"}],"predecessor-version":[{"id":21475,"href":"https:\/\/www.sudoestehoje.com.br\/novoportal\/wp-json\/wp\/v2\/posts\/21469\/revisions\/21475"}],"wp:attachment":[{"href":"https:\/\/www.sudoestehoje.com.br\/novoportal\/wp-json\/wp\/v2\/media?parent=21469"}],"wp:term":[{"taxonomy":"category","embeddable":true,"href":"https:\/\/www.sudoestehoje.com.br\/novoportal\/wp-json\/wp\/v2\/categories?post=21469"},{"taxonomy":"post_tag","embeddable":true,"href":"https:\/\/www.sudoestehoje.com.br\/novoportal\/wp-json\/wp\/v2\/tags?post=21469"}],"curies":[{"name":"wp","href":"https:\/\/api.w.org\/{rel}","templated":true}]}}