
{"id":21447,"date":"2012-10-20T00:30:40","date_gmt":"2012-10-20T03:30:40","guid":{"rendered":"http:\/\/www.sudoestehoje.com.br\/novoportal\/?p=21447"},"modified":"2012-10-20T00:30:40","modified_gmt":"2012-10-20T03:30:40","slug":"avenida-brasil-ameaca-de-apagao-final-obvio-e-audiencia-recorde","status":"publish","type":"post","link":"https:\/\/www.sudoestehoje.com.br\/novoportal\/2012\/10\/20\/avenida-brasil-ameaca-de-apagao-final-obvio-e-audiencia-recorde\/","title":{"rendered":"AVENIDA BRASIL: AMEA\u00c7A DE APAG\u00c3O, FINAL \u00d3BVIO E AUDI\u00caNCIA RECORDE"},"content":{"rendered":"<p style=\"text-align: center;\"><a href=\"http:\/\/www.sudoestehoje.com.br\/novoportal\/wp-content\/uploads\/2012\/10\/LIXAO.jpg\"><img decoding=\"async\" class=\"aligncenter  wp-image-21448\" title=\"LIXAO\" src=\"http:\/\/www.sudoestehoje.com.br\/novoportal\/wp-content\/uploads\/2012\/10\/LIXAO-500x281.jpg\" alt=\"\" width=\"400\" srcset=\"https:\/\/www.sudoestehoje.com.br\/novoportal\/wp-content\/uploads\/2012\/10\/LIXAO-500x281.jpg 500w, https:\/\/www.sudoestehoje.com.br\/novoportal\/wp-content\/uploads\/2012\/10\/LIXAO.jpg 597w\" sizes=\"(max-width: 500px) 100vw, 500px\" \/><\/a><\/p>\n<p style=\"text-align: center;\"><em>Carminha volta para o lix\u00e3o e \u00e9 perdoada por Rita (Nina)<\/em><\/p>\n<p>&nbsp;<\/p>\n<p>O melhor de\u00a0<em>Avenida Brasil<\/em>\u00a0foi sua escalada rumo a tornar-se a\u00a0<a href=\"http:\/\/veja.abril.com.br\/noticia\/celebridades\/chega-ao-fim-avenida-brasil-%E2%80%93-o-perfeito-fenomeno-pop\"><strong>novela mais comentada dos \u00faltimos anos<\/strong><\/a>. Seu desfecho, t\u00e3o esperado a ponto de o governo se preparar para lidar com uma poss\u00edvel sobrecarga no sistema el\u00e9trico, deixou a desejar pela previsibilidade do destino de personagens que protagonizaram reviravoltas intensas ao longo da trama. Foi Carminha quem matou Max (Marcello Novaes) para defender Nina e impedir a morte da enteada a facadas pelo amante.<\/p>\n<p>A reden\u00e7\u00e3o da vil\u00e3 era esperada, mas perdeu a gra\u00e7a por ter se concretizado atrav\u00e9s de um ato relacionado justamente \u00e0 pessoa que ela mais odiou ao longo da novela &#8211; e que foi respons\u00e1vel por transformar sua vida num inferno. Mesmo assim,<strong><a href=\"http:\/\/veja.abril.com.br\/blog\/radar-on-line\/televisao\/avenida-brasil-o-ibope-do-ultimo-capitulo\/\">\u00a0o \u00faltimo cap\u00edtulo de\u00a0<em>Avenida Brasil\u00a0<\/em>bateu o recorde de audi\u00eancia, com 51 pontos de m\u00e9dia, o n\u00famero confere \u00e0 novela o posto de desfecho de trama com a maior ibope nos \u00faltimos dez anos. O share foi de 75%.\u00a0<\/a>\u00a0<\/strong>A conclus\u00e3o da antecessora,\u00a0<em>Fina Estampa<\/em>\u00a0teve 47 pontos.<\/p>\n<p><strong><em>Veja on Line<\/em><\/strong><\/p>\n","protected":false},"excerpt":{"rendered":"<p>Carminha volta para o lix\u00e3o e \u00e9 perdoada por Rita (Nina) &nbsp; O melhor de\u00a0Avenida Brasil\u00a0foi sua escalada rumo a tornar-se a\u00a0novela mais comentada dos \u00faltimos anos. Seu desfecho, t\u00e3o esperado a ponto de o governo se preparar para lidar com uma poss\u00edvel sobrecarga no sistema el\u00e9trico, deixou a desejar pela previsibilidade do destino de [&hellip;]<\/p>\n","protected":false},"author":2,"featured_media":0,"comment_status":"open","ping_status":"open","sticky":false,"template":"","format":"standard","meta":{"footnotes":"","_links_to":"","_links_to_target":""},"categories":[1],"tags":[],"class_list":["post-21447","post","type-post","status-publish","format-standard","hentry","category-geral"],"views":3157,"_links":{"self":[{"href":"https:\/\/www.sudoestehoje.com.br\/novoportal\/wp-json\/wp\/v2\/posts\/21447","targetHints":{"allow":["GET"]}}],"collection":[{"href":"https:\/\/www.sudoestehoje.com.br\/novoportal\/wp-json\/wp\/v2\/posts"}],"about":[{"href":"https:\/\/www.sudoestehoje.com.br\/novoportal\/wp-json\/wp\/v2\/types\/post"}],"author":[{"embeddable":true,"href":"https:\/\/www.sudoestehoje.com.br\/novoportal\/wp-json\/wp\/v2\/users\/2"}],"replies":[{"embeddable":true,"href":"https:\/\/www.sudoestehoje.com.br\/novoportal\/wp-json\/wp\/v2\/comments?post=21447"}],"version-history":[{"count":3,"href":"https:\/\/www.sudoestehoje.com.br\/novoportal\/wp-json\/wp\/v2\/posts\/21447\/revisions"}],"predecessor-version":[{"id":21451,"href":"https:\/\/www.sudoestehoje.com.br\/novoportal\/wp-json\/wp\/v2\/posts\/21447\/revisions\/21451"}],"wp:attachment":[{"href":"https:\/\/www.sudoestehoje.com.br\/novoportal\/wp-json\/wp\/v2\/media?parent=21447"}],"wp:term":[{"taxonomy":"category","embeddable":true,"href":"https:\/\/www.sudoestehoje.com.br\/novoportal\/wp-json\/wp\/v2\/categories?post=21447"},{"taxonomy":"post_tag","embeddable":true,"href":"https:\/\/www.sudoestehoje.com.br\/novoportal\/wp-json\/wp\/v2\/tags?post=21447"}],"curies":[{"name":"wp","href":"https:\/\/api.w.org\/{rel}","templated":true}]}}