
{"id":21434,"date":"2012-10-19T18:12:16","date_gmt":"2012-10-19T21:12:16","guid":{"rendered":"http:\/\/www.sudoestehoje.com.br\/novoportal\/?p=21434"},"modified":"2012-10-19T18:13:17","modified_gmt":"2012-10-19T21:13:17","slug":"jutahy-diz-que-petistas-acreditam-na-inocencia-de-carminha","status":"publish","type":"post","link":"https:\/\/www.sudoestehoje.com.br\/novoportal\/2012\/10\/19\/jutahy-diz-que-petistas-acreditam-na-inocencia-de-carminha\/","title":{"rendered":"JUTAHY DIZ QUE PETISTAS ACREDITAM NA INOC\u00caNCIA DE CARMINHA"},"content":{"rendered":"<p><img decoding=\"async\" class=\"aligncenter\" src=\"http:\/\/valterio.com.br\/wordpress\/wp-content\/gallery\/020-voto-acm\/jutahy-magalhaes.jpg\" alt=\"\" width=\"400\" \/><\/p>\n<p>Hoje\u00a0pela manh\u00e3, durante o programa &#8220;Mais Voc\u00ea&#8221;, da apresentadora Ana Maria Braga, o deputado federal baiano Jutahy Magalh\u00e3es Jr. (PSDB) chegou a ter seu nome citado, devido a um coment\u00e1rio que teria feito, associando o com\u00edcio do PT em Salvador, nesta sexta-feira, e a novela &#8220;Avenida Brasil&#8221;, causando altas gargalhadas nos participantes do programa, inclusive Ana Maria e o Louro Jos\u00e9, que se divertiram com a frase do parlamentar baiano,<\/p>\n<p>Segundo a jornalista Sonia Racy, que participou do programa de Ana Maria Braga e conversou com o parlamentar baiano durante o debate da Band em S\u00e3o Paulo, ontem \u00e0 noite, Jutahy teria lhe dito que a Justi\u00e7a Eleitoral proibiu que fossem colocados tel\u00f5es no com\u00edcio de Dilma, Wagner e Pelegrino, exibindo o \u00faltimo cap\u00edtulo da novela &#8220;Avenida Brasil&#8221;, \u00a0porque <em>\u201cmuitos petistas queriam provar que a Carminha \u00e9 inocente\u201d.\u00a0<\/em><\/p>\n<p>Dilma eu n\u00e3o sei, mas Lula tiraria essa de letra&#8230;<\/p>\n<p><strong><em>Por Davi Ferraz<\/em><\/strong><\/p>\n","protected":false},"excerpt":{"rendered":"<p>Hoje\u00a0pela manh\u00e3, durante o programa &#8220;Mais Voc\u00ea&#8221;, da apresentadora Ana Maria Braga, o deputado federal baiano Jutahy Magalh\u00e3es Jr. (PSDB) chegou a ter seu nome citado, devido a um coment\u00e1rio que teria feito, associando o com\u00edcio do PT em Salvador, nesta sexta-feira, e a novela &#8220;Avenida Brasil&#8221;, causando altas gargalhadas nos participantes do programa, inclusive [&hellip;]<\/p>\n","protected":false},"author":2,"featured_media":0,"comment_status":"open","ping_status":"open","sticky":false,"template":"","format":"standard","meta":{"footnotes":"","_links_to":"","_links_to_target":""},"categories":[1],"tags":[],"class_list":["post-21434","post","type-post","status-publish","format-standard","hentry","category-geral"],"views":1064,"_links":{"self":[{"href":"https:\/\/www.sudoestehoje.com.br\/novoportal\/wp-json\/wp\/v2\/posts\/21434","targetHints":{"allow":["GET"]}}],"collection":[{"href":"https:\/\/www.sudoestehoje.com.br\/novoportal\/wp-json\/wp\/v2\/posts"}],"about":[{"href":"https:\/\/www.sudoestehoje.com.br\/novoportal\/wp-json\/wp\/v2\/types\/post"}],"author":[{"embeddable":true,"href":"https:\/\/www.sudoestehoje.com.br\/novoportal\/wp-json\/wp\/v2\/users\/2"}],"replies":[{"embeddable":true,"href":"https:\/\/www.sudoestehoje.com.br\/novoportal\/wp-json\/wp\/v2\/comments?post=21434"}],"version-history":[{"count":4,"href":"https:\/\/www.sudoestehoje.com.br\/novoportal\/wp-json\/wp\/v2\/posts\/21434\/revisions"}],"predecessor-version":[{"id":21438,"href":"https:\/\/www.sudoestehoje.com.br\/novoportal\/wp-json\/wp\/v2\/posts\/21434\/revisions\/21438"}],"wp:attachment":[{"href":"https:\/\/www.sudoestehoje.com.br\/novoportal\/wp-json\/wp\/v2\/media?parent=21434"}],"wp:term":[{"taxonomy":"category","embeddable":true,"href":"https:\/\/www.sudoestehoje.com.br\/novoportal\/wp-json\/wp\/v2\/categories?post=21434"},{"taxonomy":"post_tag","embeddable":true,"href":"https:\/\/www.sudoestehoje.com.br\/novoportal\/wp-json\/wp\/v2\/tags?post=21434"}],"curies":[{"name":"wp","href":"https:\/\/api.w.org\/{rel}","templated":true}]}}