
{"id":21430,"date":"2012-10-19T17:33:04","date_gmt":"2012-10-19T20:33:04","guid":{"rendered":"http:\/\/www.sudoestehoje.com.br\/novoportal\/?p=21430"},"modified":"2012-10-19T17:33:04","modified_gmt":"2012-10-19T20:33:04","slug":"avenida-brasil-pode-causar-apagoes-em-todo-o-pais","status":"publish","type":"post","link":"https:\/\/www.sudoestehoje.com.br\/novoportal\/2012\/10\/19\/avenida-brasil-pode-causar-apagoes-em-todo-o-pais\/","title":{"rendered":"&#8220;AVENIDA BRASIL&#8221; PODE CAUSAR APAG\u00d5ES EM TODO O PA\u00cdS"},"content":{"rendered":"<p><img decoding=\"async\" class=\"aligncenter\" src=\"http:\/\/www.bahianoticias.com.br\/fotos\/principal_noticias\/124781\/IMAGEM_NOTICIA_5.jpg\" alt=\"'Avenida Brasil' pode causar apag\u00e3o em todo o Pa\u00eds nesta sexta\" width=\"400\" \/><\/p>\n<p>&nbsp;<\/p>\n<p>O \u00faltimo cap\u00edtulo da novela &#8220;Avenida Brasil&#8221;, que vai ao ar nesta sexta-feira (19) pode decepcionar muita gente. Mas isso vai muito al\u00e9m do desenrolar da trama. De acordo com especialistas, com o Brasil inteiro ligado no folhetim, pode ocorrer um apag\u00e3o no pa\u00eds.\u00a0 At\u00e9 hoje, o recorde de uso de energia em um cap\u00edtulo final de novela foi com &#8220;Passione&#8221;, que aumentou em 5% o total da carga para o hor\u00e1rio. A quest\u00e3o \u00e9 que &#8220;Avenida Brasil&#8221; j\u00e1 ultrapassou essa marca quando aconteceu o ponto de virada e Nina come\u00e7ou a vingan\u00e7a contra Carminha.<\/p>\n<p>Mas, calma: de acordo com o Operador Nacional do Sistema El\u00e9trico (ONS) &#8211; um \u00f3rg\u00e3o ligado ao Sistema Interligado Nacional (SIN) sob fiscaliza\u00e7\u00e3o da Ag\u00eancia Nacional de Energia El\u00e9trica (Aneel) &#8211; a possibilidade do pa\u00eds ficar no escuro \u00e9 maior no fim do folhetim, j\u00e1 que &#8220;quando a novela termina, as pessoas retomam as atividades: abrem a geladeira, v\u00e3o tomar banho, acendem a luz&#8221;, disse ao site Flavia Oliveira, comentarista de economia. A ONS, recomenda que os operadores e distribuidores de energia el\u00e9trica aumentem a capacidade das linhas de transmiss\u00e3o.<\/p>\n","protected":false},"excerpt":{"rendered":"<p>&nbsp; O \u00faltimo cap\u00edtulo da novela &#8220;Avenida Brasil&#8221;, que vai ao ar nesta sexta-feira (19) pode decepcionar muita gente. Mas isso vai muito al\u00e9m do desenrolar da trama. De acordo com especialistas, com o Brasil inteiro ligado no folhetim, pode ocorrer um apag\u00e3o no pa\u00eds.\u00a0 At\u00e9 hoje, o recorde de uso de energia em um [&hellip;]<\/p>\n","protected":false},"author":2,"featured_media":0,"comment_status":"open","ping_status":"open","sticky":false,"template":"","format":"standard","meta":{"footnotes":"","_links_to":"","_links_to_target":""},"categories":[1],"tags":[],"class_list":["post-21430","post","type-post","status-publish","format-standard","hentry","category-geral"],"views":1144,"_links":{"self":[{"href":"https:\/\/www.sudoestehoje.com.br\/novoportal\/wp-json\/wp\/v2\/posts\/21430","targetHints":{"allow":["GET"]}}],"collection":[{"href":"https:\/\/www.sudoestehoje.com.br\/novoportal\/wp-json\/wp\/v2\/posts"}],"about":[{"href":"https:\/\/www.sudoestehoje.com.br\/novoportal\/wp-json\/wp\/v2\/types\/post"}],"author":[{"embeddable":true,"href":"https:\/\/www.sudoestehoje.com.br\/novoportal\/wp-json\/wp\/v2\/users\/2"}],"replies":[{"embeddable":true,"href":"https:\/\/www.sudoestehoje.com.br\/novoportal\/wp-json\/wp\/v2\/comments?post=21430"}],"version-history":[{"count":3,"href":"https:\/\/www.sudoestehoje.com.br\/novoportal\/wp-json\/wp\/v2\/posts\/21430\/revisions"}],"predecessor-version":[{"id":21433,"href":"https:\/\/www.sudoestehoje.com.br\/novoportal\/wp-json\/wp\/v2\/posts\/21430\/revisions\/21433"}],"wp:attachment":[{"href":"https:\/\/www.sudoestehoje.com.br\/novoportal\/wp-json\/wp\/v2\/media?parent=21430"}],"wp:term":[{"taxonomy":"category","embeddable":true,"href":"https:\/\/www.sudoestehoje.com.br\/novoportal\/wp-json\/wp\/v2\/categories?post=21430"},{"taxonomy":"post_tag","embeddable":true,"href":"https:\/\/www.sudoestehoje.com.br\/novoportal\/wp-json\/wp\/v2\/tags?post=21430"}],"curies":[{"name":"wp","href":"https:\/\/api.w.org\/{rel}","templated":true}]}}