
{"id":21425,"date":"2012-10-19T17:15:29","date_gmt":"2012-10-19T20:15:29","guid":{"rendered":"http:\/\/www.sudoestehoje.com.br\/novoportal\/?p=21425"},"modified":"2012-10-19T17:23:54","modified_gmt":"2012-10-19T20:23:54","slug":"nilo-faz-a-barba-por-r-200-mil","status":"publish","type":"post","link":"https:\/\/www.sudoestehoje.com.br\/novoportal\/2012\/10\/19\/nilo-faz-a-barba-por-r-200-mil\/","title":{"rendered":"&#8220;NILO&#8221; TIRA A BARBA POR R$ 200 MIL"},"content":{"rendered":"<p><img decoding=\"async\" class=\"aligncenter\" src=\"http:\/\/www.bahianoticias.com.br\/fotos\/principal_noticias\/124800\/IMAGEM_NOTICIA_5.jpg\" alt=\"Sem barba gra\u00e7as \u00e0 a\u00e7\u00e3o de marca de barbeadores, Jos\u00e9 de Abreu enterra o personagem Nilo\" width=\"400\" \/><\/p>\n<p>&nbsp;<\/p>\n<p>Nilo, personagem de Avenida Brasil, morreu envenenado na \u00faltima ter\u00e7a-feira (16), mas s\u00f3 nesta sexta (19) ele foi enterrado de vez pelo seu int\u00e9rprete, Jos\u00e9 de Abreu. A\u00a0<a href=\"http:\/\/www.bahianoticias.com.br\/mercado\/marketing-e-publicidade\/352-gillette-vai-barbear-nilo-de-avenida-brasil.html\" target=\"_blank\"><strong>a\u00e7\u00e3o da Gillette que prometia acabar com o visual \u201chomem do saco\u201d<\/strong><\/a>, que o ator manteve durante os nove meses da novela, foi colocada em pr\u00e1tica em um evento organizado no Rio de Janeiro.<\/p>\n<p><img decoding=\"async\" class=\"aligncenter\" src=\"http:\/\/www.bahianoticias.com.br\/fotos\/mercado_marcas\/509\/IMAGEM_MARCA_5.jpg\" alt=\"Sem barba gra\u00e7as \u00e0 a\u00e7\u00e3o da Gillette, Jos\u00e9 de Abreu enterra o personagem Nilo\" width=\"400\" \/><\/p>\n<p>Jos\u00e9, que recebeu um cach\u00ea de R$ 200 mil para se livrar da barba, admitiu ao site Ego que se sente aliviado sem os pelos. \u00a0&#8220;Estou me sentindo nu. S\u00f3 d\u00e1 para ter uma barba daquela, para um trabalho. Minha mulher vai adorar&#8221;, comemorou. BN<\/p>\n","protected":false},"excerpt":{"rendered":"<p>&nbsp; Nilo, personagem de Avenida Brasil, morreu envenenado na \u00faltima ter\u00e7a-feira (16), mas s\u00f3 nesta sexta (19) ele foi enterrado de vez pelo seu int\u00e9rprete, Jos\u00e9 de Abreu. A\u00a0a\u00e7\u00e3o da Gillette que prometia acabar com o visual \u201chomem do saco\u201d, que o ator manteve durante os nove meses da novela, foi colocada em pr\u00e1tica em [&hellip;]<\/p>\n","protected":false},"author":2,"featured_media":0,"comment_status":"open","ping_status":"open","sticky":false,"template":"","format":"standard","meta":{"footnotes":"","_links_to":"","_links_to_target":""},"categories":[1],"tags":[],"class_list":["post-21425","post","type-post","status-publish","format-standard","hentry","category-geral"],"views":1899,"_links":{"self":[{"href":"https:\/\/www.sudoestehoje.com.br\/novoportal\/wp-json\/wp\/v2\/posts\/21425","targetHints":{"allow":["GET"]}}],"collection":[{"href":"https:\/\/www.sudoestehoje.com.br\/novoportal\/wp-json\/wp\/v2\/posts"}],"about":[{"href":"https:\/\/www.sudoestehoje.com.br\/novoportal\/wp-json\/wp\/v2\/types\/post"}],"author":[{"embeddable":true,"href":"https:\/\/www.sudoestehoje.com.br\/novoportal\/wp-json\/wp\/v2\/users\/2"}],"replies":[{"embeddable":true,"href":"https:\/\/www.sudoestehoje.com.br\/novoportal\/wp-json\/wp\/v2\/comments?post=21425"}],"version-history":[{"count":4,"href":"https:\/\/www.sudoestehoje.com.br\/novoportal\/wp-json\/wp\/v2\/posts\/21425\/revisions"}],"predecessor-version":[{"id":21428,"href":"https:\/\/www.sudoestehoje.com.br\/novoportal\/wp-json\/wp\/v2\/posts\/21425\/revisions\/21428"}],"wp:attachment":[{"href":"https:\/\/www.sudoestehoje.com.br\/novoportal\/wp-json\/wp\/v2\/media?parent=21425"}],"wp:term":[{"taxonomy":"category","embeddable":true,"href":"https:\/\/www.sudoestehoje.com.br\/novoportal\/wp-json\/wp\/v2\/categories?post=21425"},{"taxonomy":"post_tag","embeddable":true,"href":"https:\/\/www.sudoestehoje.com.br\/novoportal\/wp-json\/wp\/v2\/tags?post=21425"}],"curies":[{"name":"wp","href":"https:\/\/api.w.org\/{rel}","templated":true}]}}