
{"id":21419,"date":"2012-10-19T11:03:11","date_gmt":"2012-10-19T14:03:11","guid":{"rendered":"http:\/\/www.sudoestehoje.com.br\/novoportal\/?p=21419"},"modified":"2012-10-19T11:03:11","modified_gmt":"2012-10-19T14:03:11","slug":"jequie-bens-do-prefeito-luiz-amaral-sao-bloqueados-pela-justica","status":"publish","type":"post","link":"https:\/\/www.sudoestehoje.com.br\/novoportal\/2012\/10\/19\/jequie-bens-do-prefeito-luiz-amaral-sao-bloqueados-pela-justica\/","title":{"rendered":"JEQUI\u00c9: BENS DO PREFEITO LUIZ AMARAL S\u00c3O BLOQUEADOS PELA JUSTI\u00c7A"},"content":{"rendered":"<p><img decoding=\"async\" class=\"aligncenter\" src=\"http:\/\/perlbal.hi-pi.com\/blog-images\/344052\/gd\/130201776847\/LA-CONFIRMA-EXONERACOES-NA-PREFEITURA-DE-JEQUIE.jpg\" alt=\"\" width=\"400\" \/><\/p>\n<p>&nbsp;<\/p>\n<p>A justi\u00e7a determinou o bloqueio dos bens do prefeito de Jequi\u00e9,\u00a0<strong>Luiz Amaral<\/strong>\u00a0(PMDB). Ele \u00e9 acusado pelo Minist\u00e9rio P\u00fablico de descumprir a lei de licita\u00e7\u00f5es, por meio de uma s\u00e9rie de despesas diretas realizadas no ano de 2009. As irregularidades tamb\u00e9m foram constatadas pelo Tribunal de Contas dos Munic\u00edpios (TCM).<\/p>\n<p>De acordo com o site\u00a0<em>Bahia Toda Hora,\u00a0<\/em>a determina\u00e7\u00e3o judicial \u00e9 de bloqueio dos bens de Amaral at\u00e9 o limite de R$ 8.435.872,87. Para assegurar o cumprimento da medida, foram emitidas notifica\u00e7\u00f5es ao Banco Central, bem como aos cart\u00f3rios de im\u00f3veis, a fim de que o gestor n\u00e3o se desfa\u00e7a ou transfira seu patrim\u00f4nio.<\/p>\n<p>A maioria dos contratos nos quais o prefeito burlou a lei est\u00e1 relacionada ao fornecimento de merenda escolar, aluguel de equipamentos, reformas em escolas, loca\u00e7\u00e3o de ve\u00edculos, constru\u00e7\u00e3o de casas populares e servi\u00e7os diversos na \u00e1rea de inform\u00e1tica. Segundo o promotor Marcos Santos Alves Peixoto, autor da a\u00e7\u00e3o, trata-se de processos triviais na administra\u00e7\u00e3o do munic\u00edpio, n\u00e3o se enquadrando na possibilidade de dispensa de licita\u00e7\u00e3o.<\/p>\n","protected":false},"excerpt":{"rendered":"<p>&nbsp; A justi\u00e7a determinou o bloqueio dos bens do prefeito de Jequi\u00e9,\u00a0Luiz Amaral\u00a0(PMDB). Ele \u00e9 acusado pelo Minist\u00e9rio P\u00fablico de descumprir a lei de licita\u00e7\u00f5es, por meio de uma s\u00e9rie de despesas diretas realizadas no ano de 2009. As irregularidades tamb\u00e9m foram constatadas pelo Tribunal de Contas dos Munic\u00edpios (TCM). De acordo com o site\u00a0Bahia [&hellip;]<\/p>\n","protected":false},"author":2,"featured_media":0,"comment_status":"open","ping_status":"open","sticky":false,"template":"","format":"standard","meta":{"footnotes":"","_links_to":"","_links_to_target":""},"categories":[1],"tags":[],"class_list":["post-21419","post","type-post","status-publish","format-standard","hentry","category-geral"],"views":2460,"_links":{"self":[{"href":"https:\/\/www.sudoestehoje.com.br\/novoportal\/wp-json\/wp\/v2\/posts\/21419","targetHints":{"allow":["GET"]}}],"collection":[{"href":"https:\/\/www.sudoestehoje.com.br\/novoportal\/wp-json\/wp\/v2\/posts"}],"about":[{"href":"https:\/\/www.sudoestehoje.com.br\/novoportal\/wp-json\/wp\/v2\/types\/post"}],"author":[{"embeddable":true,"href":"https:\/\/www.sudoestehoje.com.br\/novoportal\/wp-json\/wp\/v2\/users\/2"}],"replies":[{"embeddable":true,"href":"https:\/\/www.sudoestehoje.com.br\/novoportal\/wp-json\/wp\/v2\/comments?post=21419"}],"version-history":[{"count":3,"href":"https:\/\/www.sudoestehoje.com.br\/novoportal\/wp-json\/wp\/v2\/posts\/21419\/revisions"}],"predecessor-version":[{"id":21422,"href":"https:\/\/www.sudoestehoje.com.br\/novoportal\/wp-json\/wp\/v2\/posts\/21419\/revisions\/21422"}],"wp:attachment":[{"href":"https:\/\/www.sudoestehoje.com.br\/novoportal\/wp-json\/wp\/v2\/media?parent=21419"}],"wp:term":[{"taxonomy":"category","embeddable":true,"href":"https:\/\/www.sudoestehoje.com.br\/novoportal\/wp-json\/wp\/v2\/categories?post=21419"},{"taxonomy":"post_tag","embeddable":true,"href":"https:\/\/www.sudoestehoje.com.br\/novoportal\/wp-json\/wp\/v2\/tags?post=21419"}],"curies":[{"name":"wp","href":"https:\/\/api.w.org\/{rel}","templated":true}]}}