
{"id":21411,"date":"2012-10-19T10:18:13","date_gmt":"2012-10-19T13:18:13","guid":{"rendered":"http:\/\/www.sudoestehoje.com.br\/novoportal\/?p=21411"},"modified":"2012-10-19T10:18:13","modified_gmt":"2012-10-19T13:18:13","slug":"if-baiano-abre-inscricao-para-processo-seletivo-2013","status":"publish","type":"post","link":"https:\/\/www.sudoestehoje.com.br\/novoportal\/2012\/10\/19\/if-baiano-abre-inscricao-para-processo-seletivo-2013\/","title":{"rendered":"IF BAIANO ABRE INSCRI\u00c7\u00c3O PARA PROCESSO SELETIVO 2013"},"content":{"rendered":"<p><img decoding=\"async\" class=\"aligncenter\" src=\"http:\/\/www.blogdaresenhageral.com.br\/v1\/wp-content\/uploads\/IF-Baiano-Inscri%C3%A7%C3%B5es.png\" alt=\"\" width=\"400\" \/><\/p>\n<p>&nbsp;<\/p>\n<p>O Instituto Federal de Educa\u00e7\u00e3o, Ci\u00eancia e Tecnologia Baiano \u2013\u00a0Campus\u00a0de Itapetinga abriu as inscri\u00e7\u00f5es do processo seletivo para o ingresso de Estudantes em 2013. At\u00e9 o dia 16 de novembro, os interessados podem se inscrever para participar do processo.<\/p>\n<p>Para o I semestre de 2013 est\u00e3o sendo oferecidas 120 vagas para o curso T\u00e9cnico em Agropecu\u00e1ria Integrado (destinadas a alunos com Ensino Fundamental completo at\u00e9 a data da matr\u00edcula). Para o II semestre, s\u00e3o 40 vagas para o curso T\u00e9cnico em Agropecu\u00e1ria, na modalidade subsequente (pessoas que conclu\u00edram Ensino M\u00e9dio ou equivalente at\u00e9 a data da matr\u00edcula).\u00a0Para se inscrever, basta acessar o endere\u00e7o eletr\u00f4nico\u00a0<a href=\"http:\/\/www.concursos.ifbaiano.edu.br\/\">www.concursos.ifbaiano.edu.br<\/a>\u00a0e preencher o requerimento de inscri\u00e7\u00e3o e o formul\u00e1rio s\u00f3cio-econ\u00f4mico.<\/p>\n<p><em>Ascom IF Bahiano<\/em><\/p>\n","protected":false},"excerpt":{"rendered":"<p>&nbsp; O Instituto Federal de Educa\u00e7\u00e3o, Ci\u00eancia e Tecnologia Baiano \u2013\u00a0Campus\u00a0de Itapetinga abriu as inscri\u00e7\u00f5es do processo seletivo para o ingresso de Estudantes em 2013. At\u00e9 o dia 16 de novembro, os interessados podem se inscrever para participar do processo. Para o I semestre de 2013 est\u00e3o sendo oferecidas 120 vagas para o curso T\u00e9cnico [&hellip;]<\/p>\n","protected":false},"author":2,"featured_media":0,"comment_status":"open","ping_status":"open","sticky":false,"template":"","format":"standard","meta":{"footnotes":"","_links_to":"","_links_to_target":""},"categories":[1],"tags":[],"class_list":["post-21411","post","type-post","status-publish","format-standard","hentry","category-geral"],"views":1324,"_links":{"self":[{"href":"https:\/\/www.sudoestehoje.com.br\/novoportal\/wp-json\/wp\/v2\/posts\/21411","targetHints":{"allow":["GET"]}}],"collection":[{"href":"https:\/\/www.sudoestehoje.com.br\/novoportal\/wp-json\/wp\/v2\/posts"}],"about":[{"href":"https:\/\/www.sudoestehoje.com.br\/novoportal\/wp-json\/wp\/v2\/types\/post"}],"author":[{"embeddable":true,"href":"https:\/\/www.sudoestehoje.com.br\/novoportal\/wp-json\/wp\/v2\/users\/2"}],"replies":[{"embeddable":true,"href":"https:\/\/www.sudoestehoje.com.br\/novoportal\/wp-json\/wp\/v2\/comments?post=21411"}],"version-history":[{"count":4,"href":"https:\/\/www.sudoestehoje.com.br\/novoportal\/wp-json\/wp\/v2\/posts\/21411\/revisions"}],"predecessor-version":[{"id":21415,"href":"https:\/\/www.sudoestehoje.com.br\/novoportal\/wp-json\/wp\/v2\/posts\/21411\/revisions\/21415"}],"wp:attachment":[{"href":"https:\/\/www.sudoestehoje.com.br\/novoportal\/wp-json\/wp\/v2\/media?parent=21411"}],"wp:term":[{"taxonomy":"category","embeddable":true,"href":"https:\/\/www.sudoestehoje.com.br\/novoportal\/wp-json\/wp\/v2\/categories?post=21411"},{"taxonomy":"post_tag","embeddable":true,"href":"https:\/\/www.sudoestehoje.com.br\/novoportal\/wp-json\/wp\/v2\/tags?post=21411"}],"curies":[{"name":"wp","href":"https:\/\/api.w.org\/{rel}","templated":true}]}}