
{"id":21404,"date":"2012-10-18T09:30:25","date_gmt":"2012-10-18T12:30:25","guid":{"rendered":"http:\/\/www.sudoestehoje.com.br\/novoportal\/?p=21404"},"modified":"2012-10-18T09:30:25","modified_gmt":"2012-10-18T12:30:25","slug":"itapetinga-ex-candidato-do-psb-e-baleado-durante-assalto","status":"publish","type":"post","link":"https:\/\/www.sudoestehoje.com.br\/novoportal\/2012\/10\/18\/itapetinga-ex-candidato-do-psb-e-baleado-durante-assalto\/","title":{"rendered":"ITAPETINGA: EX-CANDIDATO DO PSB \u00c9 BALEADO DURANTE ASSALTO"},"content":{"rendered":"<p><img decoding=\"async\" class=\"alignleft\" src=\"http:\/\/1.bp.blogspot.com\/-n_cbuvus1K8\/UH-BKSvEj8I\/AAAAAAAAFUM\/6ZEBbc523cQ\/s320\/nem_taxi.jpg\" alt=\"\" \/>Por volta das 20h desta quarta-feira (17), o taxista e ex-candidato a vereador pelo PSB, \u00a0Adelino Jos\u00e9 Souza Filho, popularmente conhecido por &#8216;Nem do Taxi&#8217;, se encontrava no interior de um bar nas proximidades do Col\u00e9gio Alfredo Dutra, na Avenida Esperanto, bairro S\u00e3o Francisco de Assis, quando de repente um rapaz adentrou o estabelecimento anunciando um assalto, empunhando uma arma de fogo.<\/p>\n<p>Um dos presentes teve rea\u00e7\u00e3o inusitada e empurrou o bandido, quando Nem se atracou com o assaltante e levou dois tiros fora do estabelecimento em via p\u00fablica. O assaltante fugiu em companhia de um colega na garupa de uma moto.\u00a0A atitude &#8220;her\u00f3ica&#8221; de Nem do Taxi \u00e9 desaconselhada pela Pol\u00edcia por ser de grande risco. Normalmente a pessoa n\u00e3o tem no\u00e7\u00f5es de defesa pessoal ou treinamento para situa\u00e7\u00f5es de crise.<\/p>\n<p>Segundo o Blog do Z\u00e9 Ferreira, Nem do Taxi deixou o centro cir\u00fargico na madrugada desta quinta-feira, sendo transferido\u00a0para apartamento, depois da estabiliza\u00e7\u00e3o do quadro sa\u00fade. &#8220;Nem&#8221; tem problemas respirat\u00f3rios em fun\u00e7\u00e3o da obesidade, mas passa bem e fam\u00edlia j\u00e1 est\u00e1 tranq\u00fcilizada.<\/p>\n<p><strong><em>Blog do Z\u00e9 Ferreira<\/em><\/strong><\/p>\n","protected":false},"excerpt":{"rendered":"<p>Por volta das 20h desta quarta-feira (17), o taxista e ex-candidato a vereador pelo PSB, \u00a0Adelino Jos\u00e9 Souza Filho, popularmente conhecido por &#8216;Nem do Taxi&#8217;, se encontrava no interior de um bar nas proximidades do Col\u00e9gio Alfredo Dutra, na Avenida Esperanto, bairro S\u00e3o Francisco de Assis, quando de repente um rapaz adentrou o estabelecimento anunciando [&hellip;]<\/p>\n","protected":false},"author":2,"featured_media":0,"comment_status":"open","ping_status":"open","sticky":false,"template":"","format":"standard","meta":{"footnotes":"","_links_to":"","_links_to_target":""},"categories":[1],"tags":[],"class_list":["post-21404","post","type-post","status-publish","format-standard","hentry","category-geral"],"views":1242,"_links":{"self":[{"href":"https:\/\/www.sudoestehoje.com.br\/novoportal\/wp-json\/wp\/v2\/posts\/21404","targetHints":{"allow":["GET"]}}],"collection":[{"href":"https:\/\/www.sudoestehoje.com.br\/novoportal\/wp-json\/wp\/v2\/posts"}],"about":[{"href":"https:\/\/www.sudoestehoje.com.br\/novoportal\/wp-json\/wp\/v2\/types\/post"}],"author":[{"embeddable":true,"href":"https:\/\/www.sudoestehoje.com.br\/novoportal\/wp-json\/wp\/v2\/users\/2"}],"replies":[{"embeddable":true,"href":"https:\/\/www.sudoestehoje.com.br\/novoportal\/wp-json\/wp\/v2\/comments?post=21404"}],"version-history":[{"count":3,"href":"https:\/\/www.sudoestehoje.com.br\/novoportal\/wp-json\/wp\/v2\/posts\/21404\/revisions"}],"predecessor-version":[{"id":21407,"href":"https:\/\/www.sudoestehoje.com.br\/novoportal\/wp-json\/wp\/v2\/posts\/21404\/revisions\/21407"}],"wp:attachment":[{"href":"https:\/\/www.sudoestehoje.com.br\/novoportal\/wp-json\/wp\/v2\/media?parent=21404"}],"wp:term":[{"taxonomy":"category","embeddable":true,"href":"https:\/\/www.sudoestehoje.com.br\/novoportal\/wp-json\/wp\/v2\/categories?post=21404"},{"taxonomy":"post_tag","embeddable":true,"href":"https:\/\/www.sudoestehoje.com.br\/novoportal\/wp-json\/wp\/v2\/tags?post=21404"}],"curies":[{"name":"wp","href":"https:\/\/api.w.org\/{rel}","templated":true}]}}