
{"id":21384,"date":"2012-10-17T15:18:36","date_gmt":"2012-10-17T18:18:36","guid":{"rendered":"http:\/\/www.sudoestehoje.com.br\/novoportal\/?p=21384"},"modified":"2012-10-17T15:18:36","modified_gmt":"2012-10-17T18:18:36","slug":"itapetinga-convenio-da-unimed-com-a-prefeitura-continua-suspenso-por-falta-de-pagamento","status":"publish","type":"post","link":"https:\/\/www.sudoestehoje.com.br\/novoportal\/2012\/10\/17\/itapetinga-convenio-da-unimed-com-a-prefeitura-continua-suspenso-por-falta-de-pagamento\/","title":{"rendered":"ITAPETINGA: CONV\u00caNIO DA UNIMED COM A PREFEITURA CONTINUA SUSPENSO POR FALTA DE PAGAMENTO"},"content":{"rendered":"<p><img decoding=\"async\" class=\"aligncenter\" src=\"http:\/\/www.sindifaz.com.br\/sindifaz\/images\/stories\/carteira-unimed-300x197.jpg\" alt=\"\" width=\"400\" \/><\/p>\n<p>&nbsp;<\/p>\n<p>Um dos maiores absurdos que v\u00eam acontecendo na atual administra\u00e7\u00e3o municipal, \u00e9 a suspens\u00e3o dos atendimentos m\u00e9dicos aos servidores do munic\u00edpio, em cl\u00ednicas e hospitais, em fun\u00e7\u00e3o da inadimpl\u00eancia da prefeitura com o plano de sa\u00fade Unimed, cujo valor j\u00e1 excede \u00e0 casa dos R$ 250 mil reais.<\/p>\n<p>Embora as mensalidades do plano continuem sendo descontadas nos sal\u00e1rios dos servidores, nenhum deles tem conseguido atendimento m\u00e9dico nas cl\u00ednicas conveniadas com o plano, o que fere os seus direitos mais elementares e exp\u00f5e a m\u00e1-f\u00e9 \u00a0do chefe do executivo e seus auxiliares, que fazem vista grossa para o caso, apesar do munic\u00edpio estar retendo, de forma criminosa, os valores descontados dos servidores e n\u00e3o repassados \u00e0 Unimed.<\/p>\n<p>\u00c9 preciso que haja, urgentemente, uma a\u00e7\u00e3o por parte do Minist\u00e9rio P\u00fablico, obrigando o chefe do executivo a regularizar as pend\u00eancias da prefeitura com o plano de sa\u00fade, de forma a restabelecer a normalidade, retornando o atendimento m\u00e9dico a que todos os servidores conveniados t\u00eam direito, sob a penas da lei.<\/p>\n<p>Se preciso for, cadeia neles!<\/p>\n<p><strong><em>Por Davi Ferraz<\/em><\/strong><\/p>\n","protected":false},"excerpt":{"rendered":"<p>&nbsp; Um dos maiores absurdos que v\u00eam acontecendo na atual administra\u00e7\u00e3o municipal, \u00e9 a suspens\u00e3o dos atendimentos m\u00e9dicos aos servidores do munic\u00edpio, em cl\u00ednicas e hospitais, em fun\u00e7\u00e3o da inadimpl\u00eancia da prefeitura com o plano de sa\u00fade Unimed, cujo valor j\u00e1 excede \u00e0 casa dos R$ 250 mil reais. Embora as mensalidades do plano continuem [&hellip;]<\/p>\n","protected":false},"author":2,"featured_media":0,"comment_status":"open","ping_status":"open","sticky":false,"template":"","format":"standard","meta":{"footnotes":"","_links_to":"","_links_to_target":""},"categories":[1],"tags":[],"class_list":["post-21384","post","type-post","status-publish","format-standard","hentry","category-geral"],"views":2083,"_links":{"self":[{"href":"https:\/\/www.sudoestehoje.com.br\/novoportal\/wp-json\/wp\/v2\/posts\/21384","targetHints":{"allow":["GET"]}}],"collection":[{"href":"https:\/\/www.sudoestehoje.com.br\/novoportal\/wp-json\/wp\/v2\/posts"}],"about":[{"href":"https:\/\/www.sudoestehoje.com.br\/novoportal\/wp-json\/wp\/v2\/types\/post"}],"author":[{"embeddable":true,"href":"https:\/\/www.sudoestehoje.com.br\/novoportal\/wp-json\/wp\/v2\/users\/2"}],"replies":[{"embeddable":true,"href":"https:\/\/www.sudoestehoje.com.br\/novoportal\/wp-json\/wp\/v2\/comments?post=21384"}],"version-history":[{"count":3,"href":"https:\/\/www.sudoestehoje.com.br\/novoportal\/wp-json\/wp\/v2\/posts\/21384\/revisions"}],"predecessor-version":[{"id":21387,"href":"https:\/\/www.sudoestehoje.com.br\/novoportal\/wp-json\/wp\/v2\/posts\/21384\/revisions\/21387"}],"wp:attachment":[{"href":"https:\/\/www.sudoestehoje.com.br\/novoportal\/wp-json\/wp\/v2\/media?parent=21384"}],"wp:term":[{"taxonomy":"category","embeddable":true,"href":"https:\/\/www.sudoestehoje.com.br\/novoportal\/wp-json\/wp\/v2\/categories?post=21384"},{"taxonomy":"post_tag","embeddable":true,"href":"https:\/\/www.sudoestehoje.com.br\/novoportal\/wp-json\/wp\/v2\/tags?post=21384"}],"curies":[{"name":"wp","href":"https:\/\/api.w.org\/{rel}","templated":true}]}}