
{"id":21359,"date":"2012-10-15T18:39:28","date_gmt":"2012-10-15T21:39:28","guid":{"rendered":"http:\/\/www.sudoestehoje.com.br\/novoportal\/?p=21359"},"modified":"2012-10-15T18:39:28","modified_gmt":"2012-10-15T21:39:28","slug":"consulte-locais-de-prova-do-enem","status":"publish","type":"post","link":"https:\/\/www.sudoestehoje.com.br\/novoportal\/2012\/10\/15\/consulte-locais-de-prova-do-enem\/","title":{"rendered":"CONSULTE LOCAIS DE PROVA DO ENEM"},"content":{"rendered":"<p><img decoding=\"async\" class=\"aligncenter\" src=\"http:\/\/www.teens180.com\/arquivos\/201110\/jpg_20111023102413_222_gg.jpg\" alt=\"\" width=\"400\" \/><\/p>\n<p>&nbsp;<\/p>\n<p>J\u00e1 est\u00e1 dispon\u00edvel no site do do Instituto Nacional de Estudos e Pesquisas Educacionais An\u00edsio Teixeira (Inep) o local das provas para quem vai fazer o Exame Nacional do Ensino M\u00e9dio (Enem) deste ano. Os exames ser\u00e3o realizados nos dias 3 e 4 de novembro, \u00e0s 13h, hor\u00e1rio de Bras\u00edlia.<\/p>\n<p>Para visitar o site e consultar o local da prova, clique\u00a0<span style=\"text-decoration: underline;\"><a href=\"http:\/\/sistemasenem2.inep.gov.br\/localdeprova\/localdeprova\/login.seam\" target=\"_blank\">aqui<\/a><\/span><\/p>\n","protected":false},"excerpt":{"rendered":"<p>&nbsp; J\u00e1 est\u00e1 dispon\u00edvel no site do do Instituto Nacional de Estudos e Pesquisas Educacionais An\u00edsio Teixeira (Inep) o local das provas para quem vai fazer o Exame Nacional do Ensino M\u00e9dio (Enem) deste ano. Os exames ser\u00e3o realizados nos dias 3 e 4 de novembro, \u00e0s 13h, hor\u00e1rio de Bras\u00edlia. Para visitar o site [&hellip;]<\/p>\n","protected":false},"author":2,"featured_media":0,"comment_status":"open","ping_status":"open","sticky":false,"template":"","format":"standard","meta":{"footnotes":"","_links_to":"","_links_to_target":""},"categories":[1],"tags":[],"class_list":["post-21359","post","type-post","status-publish","format-standard","hentry","category-geral"],"views":1374,"_links":{"self":[{"href":"https:\/\/www.sudoestehoje.com.br\/novoportal\/wp-json\/wp\/v2\/posts\/21359","targetHints":{"allow":["GET"]}}],"collection":[{"href":"https:\/\/www.sudoestehoje.com.br\/novoportal\/wp-json\/wp\/v2\/posts"}],"about":[{"href":"https:\/\/www.sudoestehoje.com.br\/novoportal\/wp-json\/wp\/v2\/types\/post"}],"author":[{"embeddable":true,"href":"https:\/\/www.sudoestehoje.com.br\/novoportal\/wp-json\/wp\/v2\/users\/2"}],"replies":[{"embeddable":true,"href":"https:\/\/www.sudoestehoje.com.br\/novoportal\/wp-json\/wp\/v2\/comments?post=21359"}],"version-history":[{"count":3,"href":"https:\/\/www.sudoestehoje.com.br\/novoportal\/wp-json\/wp\/v2\/posts\/21359\/revisions"}],"predecessor-version":[{"id":21362,"href":"https:\/\/www.sudoestehoje.com.br\/novoportal\/wp-json\/wp\/v2\/posts\/21359\/revisions\/21362"}],"wp:attachment":[{"href":"https:\/\/www.sudoestehoje.com.br\/novoportal\/wp-json\/wp\/v2\/media?parent=21359"}],"wp:term":[{"taxonomy":"category","embeddable":true,"href":"https:\/\/www.sudoestehoje.com.br\/novoportal\/wp-json\/wp\/v2\/categories?post=21359"},{"taxonomy":"post_tag","embeddable":true,"href":"https:\/\/www.sudoestehoje.com.br\/novoportal\/wp-json\/wp\/v2\/tags?post=21359"}],"curies":[{"name":"wp","href":"https:\/\/api.w.org\/{rel}","templated":true}]}}