
{"id":21349,"date":"2012-10-15T18:29:35","date_gmt":"2012-10-15T21:29:35","guid":{"rendered":"http:\/\/www.sudoestehoje.com.br\/novoportal\/?p=21349"},"modified":"2012-10-15T18:42:32","modified_gmt":"2012-10-15T21:42:32","slug":"quem-vai-pagar-a-fatura","status":"publish","type":"post","link":"https:\/\/www.sudoestehoje.com.br\/novoportal\/2012\/10\/15\/quem-vai-pagar-a-fatura\/","title":{"rendered":"QUEM VAI PAGAR A FATURA?"},"content":{"rendered":"<p style=\"text-align: center;\"><img decoding=\"async\" class=\"aligncenter\" src=\"http:\/\/www.hojeemdia.com.br\/polopoly_fs\/1.37046.1348397326!\/image\/image.jpg_gen\/derivatives\/landscape_315\/image.jpg\" alt=\"\" width=\"400\" \/><\/p>\n<p>&nbsp;<\/p>\n<p>ITAPETINGA: Depois da gastan\u00e7a eleitoral desenfreada, uma enorme preocupa\u00e7\u00e3o vem quebrando as cabe\u00e7as do prefeito Z\u00e9 Carlos e seus auxiliares de &#8216;confian\u00e7a&#8217;: como pagar os compromissos de campanha pol\u00edtica, sem cortar despesas e sacrificar os seus &#8216;combativos&#8217; amigos e correligion\u00e1rios?<\/p>\n<p>Sabe-se, por todos cantos da cidade, que parte das despesas de campanha foi tocada com recursos p\u00fablicos, o que foi constatado atrav\u00e9s de publica\u00e7\u00f5es no pr\u00f3prio Di\u00e1rio Oficial do Munic\u00edpio, de licita\u00e7\u00f5es para confec\u00e7\u00e3o de camisetas e loca\u00e7\u00e3o de sonoriza\u00e7\u00e3o, palanques toldos etc, denunciados pela imprensa e objeto de apura\u00e7\u00e3o pelo Minist\u00e9rio P\u00fablico e Justi\u00e7a Eleitoral.<\/p>\n<p>Entretanto, sabe-se tamb\u00e9m que o pagamento de &#8216;certas despesas&#8217; de campanha foram realizados com dinheiro vivo, oriundo de empr\u00e9stimos contra\u00eddos no chamado &#8216;mercado financeiro informal&#8217; (agiotagem), dando como garantia parte dos bens im\u00f3veis do pr\u00f3prio prefeito, j\u00e1 que o seu irm\u00e3o-secret\u00e1rio e o seu vice alegam n\u00e3o possu\u00ed-los, o que pode lhe gerar enormes preju\u00edzos em um futuro bem pr\u00f3ximo, como j\u00e1 prev\u00edamos h\u00e1 cerca de 3 anos atr\u00e1s.<\/p>\n<p>Com os cofres da prefeitura exauridos de tantas sangrias desnecess\u00e1rias e as receitas municipais bloqueadas por entidades governamentais (INSS, Receita Federal, Justi\u00e7a do Trabalho), essas d\u00edvidas s\u00f3 poder\u00e3o ser honradas com a entrega dos bens dados em garantia ou atrav\u00e9s de cortes profundos nas despesas municipais, como a demiss\u00e3o em massa de servidores contratados e terceirizados, a rescis\u00e3o de certos contratos desvantajosos para o munic\u00edpio, corte de comiss\u00f5es e benesses aos detentores de cargos de confian\u00e7a, corte de ajudas a entidades civis e religiosas e, \u00a0por fim, cancelamento de festas e comemora\u00e7\u00f5es.<\/p>\n<p>A conta da farra eleitoral \u00e9 salgada e pode chegar \u00e0 casa dos <em>R$ 4 milh\u00f5es de reais<\/em>, devendo sair do bolso do contribuinte, como sempre, pois nenhum pol\u00edtico que &#8216;se preza&#8217; entra nesse ramo para perder dinheiro.<\/p>\n<p><strong><em>Por Davi Ferraz<\/em><\/strong><\/p>\n<p>&nbsp;<\/p>\n","protected":false},"excerpt":{"rendered":"<p>&nbsp; ITAPETINGA: Depois da gastan\u00e7a eleitoral desenfreada, uma enorme preocupa\u00e7\u00e3o vem quebrando as cabe\u00e7as do prefeito Z\u00e9 Carlos e seus auxiliares de &#8216;confian\u00e7a&#8217;: como pagar os compromissos de campanha pol\u00edtica, sem cortar despesas e sacrificar os seus &#8216;combativos&#8217; amigos e correligion\u00e1rios? Sabe-se, por todos cantos da cidade, que parte das despesas de campanha foi tocada [&hellip;]<\/p>\n","protected":false},"author":2,"featured_media":0,"comment_status":"open","ping_status":"open","sticky":false,"template":"","format":"standard","meta":{"footnotes":"","_links_to":"","_links_to_target":""},"categories":[1],"tags":[],"class_list":["post-21349","post","type-post","status-publish","format-standard","hentry","category-geral"],"views":1372,"_links":{"self":[{"href":"https:\/\/www.sudoestehoje.com.br\/novoportal\/wp-json\/wp\/v2\/posts\/21349","targetHints":{"allow":["GET"]}}],"collection":[{"href":"https:\/\/www.sudoestehoje.com.br\/novoportal\/wp-json\/wp\/v2\/posts"}],"about":[{"href":"https:\/\/www.sudoestehoje.com.br\/novoportal\/wp-json\/wp\/v2\/types\/post"}],"author":[{"embeddable":true,"href":"https:\/\/www.sudoestehoje.com.br\/novoportal\/wp-json\/wp\/v2\/users\/2"}],"replies":[{"embeddable":true,"href":"https:\/\/www.sudoestehoje.com.br\/novoportal\/wp-json\/wp\/v2\/comments?post=21349"}],"version-history":[{"count":4,"href":"https:\/\/www.sudoestehoje.com.br\/novoportal\/wp-json\/wp\/v2\/posts\/21349\/revisions"}],"predecessor-version":[{"id":21352,"href":"https:\/\/www.sudoestehoje.com.br\/novoportal\/wp-json\/wp\/v2\/posts\/21349\/revisions\/21352"}],"wp:attachment":[{"href":"https:\/\/www.sudoestehoje.com.br\/novoportal\/wp-json\/wp\/v2\/media?parent=21349"}],"wp:term":[{"taxonomy":"category","embeddable":true,"href":"https:\/\/www.sudoestehoje.com.br\/novoportal\/wp-json\/wp\/v2\/categories?post=21349"},{"taxonomy":"post_tag","embeddable":true,"href":"https:\/\/www.sudoestehoje.com.br\/novoportal\/wp-json\/wp\/v2\/tags?post=21349"}],"curies":[{"name":"wp","href":"https:\/\/api.w.org\/{rel}","templated":true}]}}