
{"id":21243,"date":"2012-10-09T08:38:31","date_gmt":"2012-10-09T11:38:31","guid":{"rendered":"http:\/\/www.sudoestehoje.com.br\/novoportal\/?p=21243"},"modified":"2012-10-09T08:38:31","modified_gmt":"2012-10-09T11:38:31","slug":"agora-e-a-vez-de-ze-dirceu","status":"publish","type":"post","link":"https:\/\/www.sudoestehoje.com.br\/novoportal\/2012\/10\/09\/agora-e-a-vez-de-ze-dirceu\/","title":{"rendered":"AGORA \u00c9 A VEZ DE Z\u00c9 DIRCEU"},"content":{"rendered":"<p><img decoding=\"async\" class=\"aligncenter\" src=\"http:\/\/www.bahianoticias.com.br\/fotos\/principal_noticias\/124198\/IMAGEM_NOTICIA_5.jpg\" alt=\"STF retoma julgamento do mensal\u00e3o; Dirceu pode ser condenado nesta ter\u00e7a\" width=\"400\" \/><\/p>\n<p>&nbsp;<\/p>\n<p>O Supremo Tribunal Federal (STF) retoma o julgamento do mensal\u00e3o, com a an\u00e1lise da participa\u00e7\u00e3o do ex-ministro Jos\u00e9 Dirceu no esquema. O petista poder\u00e1 ser condenado nesta ter\u00e7a-feira (9) pelo crime de corrup\u00e7\u00e3o ativa. Outros dirigentes do partido tamb\u00e9m s\u00e3o julgados. Os ministros da Corte avaliam se os petistas corromperam integrantes de quatro partidos \u2013 PP, PMDB, PTB e o extinto PL (atual PR) \u2013 em troca de apoio parlamentar para o governo Lula. Dirceu j\u00e1 foi considerado culpado pelo crime de corrup\u00e7\u00e3o ativa por tr\u00eas membros do Supremo: Joaquim Barbosa, Rosa Weber e Luiz Fux.\u00a0O revisor do processo, Ricardo Lewandowski, se manifestou pela absolvi\u00e7\u00e3o do antigo chefe da Casa Civil.<\/p>\n<p>A sess\u00e3o do julgamento prevista para esta segunda (8) foi adiada em fun\u00e7\u00e3o do primeiro turno das elei\u00e7\u00f5es, ocorrido no domingo (7). Est\u00e3o previstos para esta ter\u00e7a os votos dos ministros Dias Toffoli, C\u00e1rmen L\u00facia, Gilmar Mendes, Marco Aur\u00e9lio Mello e do presidente do STF, Carlos Ayres Britto. O ministro Celso de Mello votar\u00e1 em outra sess\u00e3o, j\u00e1 que ter\u00e1 um compromisso pessoal em S\u00e3o Paulo. Informa\u00e7\u00f5es do G1.<\/p>\n","protected":false},"excerpt":{"rendered":"<p>&nbsp; O Supremo Tribunal Federal (STF) retoma o julgamento do mensal\u00e3o, com a an\u00e1lise da participa\u00e7\u00e3o do ex-ministro Jos\u00e9 Dirceu no esquema. O petista poder\u00e1 ser condenado nesta ter\u00e7a-feira (9) pelo crime de corrup\u00e7\u00e3o ativa. Outros dirigentes do partido tamb\u00e9m s\u00e3o julgados. Os ministros da Corte avaliam se os petistas corromperam integrantes de quatro partidos [&hellip;]<\/p>\n","protected":false},"author":2,"featured_media":0,"comment_status":"open","ping_status":"open","sticky":false,"template":"","format":"standard","meta":{"footnotes":"","_links_to":"","_links_to_target":""},"categories":[1],"tags":[],"class_list":["post-21243","post","type-post","status-publish","format-standard","hentry","category-geral"],"views":1166,"_links":{"self":[{"href":"https:\/\/www.sudoestehoje.com.br\/novoportal\/wp-json\/wp\/v2\/posts\/21243","targetHints":{"allow":["GET"]}}],"collection":[{"href":"https:\/\/www.sudoestehoje.com.br\/novoportal\/wp-json\/wp\/v2\/posts"}],"about":[{"href":"https:\/\/www.sudoestehoje.com.br\/novoportal\/wp-json\/wp\/v2\/types\/post"}],"author":[{"embeddable":true,"href":"https:\/\/www.sudoestehoje.com.br\/novoportal\/wp-json\/wp\/v2\/users\/2"}],"replies":[{"embeddable":true,"href":"https:\/\/www.sudoestehoje.com.br\/novoportal\/wp-json\/wp\/v2\/comments?post=21243"}],"version-history":[{"count":3,"href":"https:\/\/www.sudoestehoje.com.br\/novoportal\/wp-json\/wp\/v2\/posts\/21243\/revisions"}],"predecessor-version":[{"id":21246,"href":"https:\/\/www.sudoestehoje.com.br\/novoportal\/wp-json\/wp\/v2\/posts\/21243\/revisions\/21246"}],"wp:attachment":[{"href":"https:\/\/www.sudoestehoje.com.br\/novoportal\/wp-json\/wp\/v2\/media?parent=21243"}],"wp:term":[{"taxonomy":"category","embeddable":true,"href":"https:\/\/www.sudoestehoje.com.br\/novoportal\/wp-json\/wp\/v2\/categories?post=21243"},{"taxonomy":"post_tag","embeddable":true,"href":"https:\/\/www.sudoestehoje.com.br\/novoportal\/wp-json\/wp\/v2\/tags?post=21243"}],"curies":[{"name":"wp","href":"https:\/\/api.w.org\/{rel}","templated":true}]}}