
{"id":21229,"date":"2012-10-08T15:42:27","date_gmt":"2012-10-08T18:42:27","guid":{"rendered":"http:\/\/www.sudoestehoje.com.br\/novoportal\/?p=21229"},"modified":"2012-10-08T15:42:27","modified_gmt":"2012-10-08T18:42:27","slug":"paulo-fernandes-e-o-novo-prefeito-de-itarantim","status":"publish","type":"post","link":"https:\/\/www.sudoestehoje.com.br\/novoportal\/2012\/10\/08\/paulo-fernandes-e-o-novo-prefeito-de-itarantim\/","title":{"rendered":"PAULO FERNANDES \u00c9 O NOVO PREFEITO DE ITARANTIM"},"content":{"rendered":"<p><img decoding=\"async\" class=\"aligncenter\" src=\"http:\/\/1.bp.blogspot.com\/-A2RECshf5v8\/ThyLQceeRpI\/AAAAAAAAACk\/Heb4ttM6V9E\/s1600\/FOTO_DE_PAULO_PARA_JONIO.JPG\" alt=\"\" width=\"400\" \/><\/p>\n<p>&nbsp;<\/p>\n<p>ITARANTIM: Numa elei\u00e7\u00e3o considerada hist\u00f3rica, o advogado Paulo Fernandes venceu a a elei\u00e7\u00e3o do munic\u00edpio de Itarantim. Em uma campanha pol\u00edtica que foi muito mais uma festa c\u00edvica, o povo de Itarantim deixou claro, de maneira inequ\u00edvoca e incontest\u00e1vel que queria a mudan\u00e7a, Dr Paulo teve uma vota\u00e7\u00e3o de 6.552 votos \u2013 59,98%, contra 4.318 \u2013 39,53% do seu opositor, Paulo da Constru\u00e7\u00e3o, que contava com o apoio do prefeito Gide\u00e3o Matos e do ex-prefeito Ricardo Souto.\u00a0Foram 2.234 votos a mais \u2013 20,45% da prefer\u00eancia do eleitorado de Itarantim. Vota\u00e7\u00e3o para n\u00e3o deixar margem de d\u00favida e para ficar na hist\u00f3ria de Itarantim, como a mais expressiva do munic\u00edpio.<\/p>\n","protected":false},"excerpt":{"rendered":"<p>&nbsp; ITARANTIM: Numa elei\u00e7\u00e3o considerada hist\u00f3rica, o advogado Paulo Fernandes venceu a a elei\u00e7\u00e3o do munic\u00edpio de Itarantim. Em uma campanha pol\u00edtica que foi muito mais uma festa c\u00edvica, o povo de Itarantim deixou claro, de maneira inequ\u00edvoca e incontest\u00e1vel que queria a mudan\u00e7a, Dr Paulo teve uma vota\u00e7\u00e3o de 6.552 votos \u2013 59,98%, contra [&hellip;]<\/p>\n","protected":false},"author":2,"featured_media":0,"comment_status":"open","ping_status":"open","sticky":false,"template":"","format":"standard","meta":{"footnotes":"","_links_to":"","_links_to_target":""},"categories":[1],"tags":[],"class_list":["post-21229","post","type-post","status-publish","format-standard","hentry","category-geral"],"views":1486,"_links":{"self":[{"href":"https:\/\/www.sudoestehoje.com.br\/novoportal\/wp-json\/wp\/v2\/posts\/21229","targetHints":{"allow":["GET"]}}],"collection":[{"href":"https:\/\/www.sudoestehoje.com.br\/novoportal\/wp-json\/wp\/v2\/posts"}],"about":[{"href":"https:\/\/www.sudoestehoje.com.br\/novoportal\/wp-json\/wp\/v2\/types\/post"}],"author":[{"embeddable":true,"href":"https:\/\/www.sudoestehoje.com.br\/novoportal\/wp-json\/wp\/v2\/users\/2"}],"replies":[{"embeddable":true,"href":"https:\/\/www.sudoestehoje.com.br\/novoportal\/wp-json\/wp\/v2\/comments?post=21229"}],"version-history":[{"count":1,"href":"https:\/\/www.sudoestehoje.com.br\/novoportal\/wp-json\/wp\/v2\/posts\/21229\/revisions"}],"predecessor-version":[{"id":21230,"href":"https:\/\/www.sudoestehoje.com.br\/novoportal\/wp-json\/wp\/v2\/posts\/21229\/revisions\/21230"}],"wp:attachment":[{"href":"https:\/\/www.sudoestehoje.com.br\/novoportal\/wp-json\/wp\/v2\/media?parent=21229"}],"wp:term":[{"taxonomy":"category","embeddable":true,"href":"https:\/\/www.sudoestehoje.com.br\/novoportal\/wp-json\/wp\/v2\/categories?post=21229"},{"taxonomy":"post_tag","embeddable":true,"href":"https:\/\/www.sudoestehoje.com.br\/novoportal\/wp-json\/wp\/v2\/tags?post=21229"}],"curies":[{"name":"wp","href":"https:\/\/api.w.org\/{rel}","templated":true}]}}