
{"id":21214,"date":"2012-10-08T14:14:26","date_gmt":"2012-10-08T17:14:26","guid":{"rendered":"http:\/\/www.sudoestehoje.com.br\/novoportal\/?p=21214"},"modified":"2012-10-08T14:14:26","modified_gmt":"2012-10-08T17:14:26","slug":"macarani-carlinhos-e-reeleito-com-ampla-vantagem","status":"publish","type":"post","link":"https:\/\/www.sudoestehoje.com.br\/novoportal\/2012\/10\/08\/macarani-carlinhos-e-reeleito-com-ampla-vantagem\/","title":{"rendered":"MACARANI: CARLINHOS \u00c9 REELEITO COM AMPLA VANTAGEM"},"content":{"rendered":"<p><img decoding=\"async\" class=\"aligncenter\" src=\"http:\/\/2.bp.blogspot.com\/-HcgXHeicxKk\/UHKd5HlNheI\/AAAAAAAADMQ\/x2pM6JXx4j0\/s400\/CARLINHOS.jpg\" alt=\"\" \/><\/p>\n<p style=\"text-align: center;\"><em>Prefeito Carlinhos, de Macarani, reeleito com 1.232 votos de frente\u00a0<\/em><\/p>\n<p>&nbsp;<\/p>\n<p>O prefeito Carlinhos, um dos melhores administradores municipais da regi\u00e3o, foi reeleito para mais um mando de prefeito de Macarani, com ampla vantagem sobre o seu concorrente, o ex-prefeito Paulo Lacerda. Com 5.608 votos (56,17%), contra 4.376 votos (43,83%) do seu advers\u00e1rio, Carlinhos carimbou a vit\u00f3ria e garantiu o comando do munic\u00edpio para mais 4 anos de progresso e desenvolvimento.<\/p>\n<p><img decoding=\"async\" class=\"aligncenter\" src=\"http:\/\/www.tanabocadopovo.com.br\/politica-2012\/vitoria01.jpg\" alt=\"\" width=\"400\" \/><\/p>\n<p><img decoding=\"async\" class=\"aligncenter\" src=\"http:\/\/www.tanabocadopovo.com.br\/politica-2012\/vitoria02.jpg\" alt=\"\" width=\"400\" \/><\/p>\n<p style=\"text-align: center;\"><em>(fotos T\u00e1 na Boca do Povo)<\/em><\/p>\n<p>Confira a rela\u00e7\u00e3o dos vereadores eleitos em Macarani:<\/p>\n<p>RUBENALDO\u00a0 &#8211; 746<\/p>\n<p>JORGE MOTO\u00a0 &#8211; 742<\/p>\n<p>ALINE &#8211; 610<\/p>\n<p>GLAUBER &#8211; 607<\/p>\n<p>NILTON &#8211; 500<\/p>\n<p>OSMAR &#8211; 469 JARBIO &#8211; 426<\/p>\n<p>ANDREZINHO &#8211; 386<\/p>\n<p>EDIMILSON &#8211; 385<\/p>\n<p>ZEZE &#8211; 381<\/p>\n<p>GILVAM MIRANDA &#8211; 371<a href=\"http:\/\/hospedagemwinnt.wordpress.com\/\" target=\"_blank\"><img decoding=\"async\" src=\"http:\/\/hospedagemwinnt.files.wordpress.com\/2012\/09\/banner.jpg\" alt=\"site de hospedagem\" border=\"0\" \/><\/a><\/p>\n<p><strong><em>Por Davi Ferraz<\/em><\/strong><\/p>\n","protected":false},"excerpt":{"rendered":"<p>Prefeito Carlinhos, de Macarani, reeleito com 1.232 votos de frente\u00a0 &nbsp; O prefeito Carlinhos, um dos melhores administradores municipais da regi\u00e3o, foi reeleito para mais um mando de prefeito de Macarani, com ampla vantagem sobre o seu concorrente, o ex-prefeito Paulo Lacerda. Com 5.608 votos (56,17%), contra 4.376 votos (43,83%) do seu advers\u00e1rio, Carlinhos carimbou [&hellip;]<\/p>\n","protected":false},"author":2,"featured_media":0,"comment_status":"open","ping_status":"open","sticky":false,"template":"","format":"standard","meta":{"footnotes":"","_links_to":"","_links_to_target":""},"categories":[1],"tags":[],"class_list":["post-21214","post","type-post","status-publish","format-standard","hentry","category-geral"],"views":2439,"_links":{"self":[{"href":"https:\/\/www.sudoestehoje.com.br\/novoportal\/wp-json\/wp\/v2\/posts\/21214","targetHints":{"allow":["GET"]}}],"collection":[{"href":"https:\/\/www.sudoestehoje.com.br\/novoportal\/wp-json\/wp\/v2\/posts"}],"about":[{"href":"https:\/\/www.sudoestehoje.com.br\/novoportal\/wp-json\/wp\/v2\/types\/post"}],"author":[{"embeddable":true,"href":"https:\/\/www.sudoestehoje.com.br\/novoportal\/wp-json\/wp\/v2\/users\/2"}],"replies":[{"embeddable":true,"href":"https:\/\/www.sudoestehoje.com.br\/novoportal\/wp-json\/wp\/v2\/comments?post=21214"}],"version-history":[{"count":4,"href":"https:\/\/www.sudoestehoje.com.br\/novoportal\/wp-json\/wp\/v2\/posts\/21214\/revisions"}],"predecessor-version":[{"id":21218,"href":"https:\/\/www.sudoestehoje.com.br\/novoportal\/wp-json\/wp\/v2\/posts\/21214\/revisions\/21218"}],"wp:attachment":[{"href":"https:\/\/www.sudoestehoje.com.br\/novoportal\/wp-json\/wp\/v2\/media?parent=21214"}],"wp:term":[{"taxonomy":"category","embeddable":true,"href":"https:\/\/www.sudoestehoje.com.br\/novoportal\/wp-json\/wp\/v2\/categories?post=21214"},{"taxonomy":"post_tag","embeddable":true,"href":"https:\/\/www.sudoestehoje.com.br\/novoportal\/wp-json\/wp\/v2\/tags?post=21214"}],"curies":[{"name":"wp","href":"https:\/\/api.w.org\/{rel}","templated":true}]}}