
{"id":2119,"date":"2010-11-24T12:26:32","date_gmt":"2010-11-24T15:26:32","guid":{"rendered":"http:\/\/www.sudoestehoje.com.br\/novoportal\/?p=2119"},"modified":"2010-11-24T12:53:18","modified_gmt":"2010-11-24T15:53:18","slug":"itapetinga-obras-do-upa-24h-continuam-empacadas","status":"publish","type":"post","link":"https:\/\/www.sudoestehoje.com.br\/novoportal\/2010\/11\/24\/itapetinga-obras-do-upa-24h-continuam-empacadas\/","title":{"rendered":"ITAPETINGA: UPA 24h EMPACOU DE VEZ"},"content":{"rendered":"<p style=\"text-align: center;\"><a href=\"http:\/\/www.sudoestehoje.com.br\/novoportal\/wp-content\/uploads\/2010\/11\/100_4180.jpg\"><img loading=\"lazy\" decoding=\"async\" class=\"size-medium wp-image-2120      aligncenter\" title=\"100_4180\" src=\"http:\/\/www.sudoestehoje.com.br\/novoportal\/wp-content\/uploads\/2010\/11\/100_4180-500x375.jpg\" alt=\"\" width=\"500\" height=\"375\" srcset=\"https:\/\/www.sudoestehoje.com.br\/novoportal\/wp-content\/uploads\/2010\/11\/100_4180-500x375.jpg 500w, https:\/\/www.sudoestehoje.com.br\/novoportal\/wp-content\/uploads\/2010\/11\/100_4180-1024x768.jpg 1024w\" sizes=\"auto, (max-width: 500px) 100vw, 500px\" \/><\/a><\/p>\n<p style=\"text-align: center;\"><strong>As verbas &#8216;estouraram&#8217; somente nos alicerces de pedras, ao estilo dos castelos medievais<\/strong><\/p>\n<p>\u00a0<\/p>\n<p>ITAPETINGA: O UPA 24h \u00e9 uma obra do Governo Federal, construida em parceria como o munic\u00edpio. Em Itapetinga a obra foi anunciada como t\u00e1bua de salva\u00e7\u00e3o para os problema de atendimento m\u00e9dico de urg\u00eancia no munic\u00edpio, com os pol\u00edticos do PT e do PMDB disputando a paternidade da obra.<\/p>\n<p>Independente da disputa eleitoreira, a obra saiu e come\u00e7ou a ser construida na Pra\u00e7a Juvino Oliveira, no bairro Nova Itapetinga, a partir de maio de 2009. Discordamos do local escolhido para a obra e alertamos que a sua constru\u00e7\u00e3o em terreno com grande declive iria onerar os custos e at\u00e9 inviablilizar a sua conclus\u00e3o.<\/p>\n<p>N\u00e3o deu outra. A obra vem se arrastando, por escassez de recursos e agora empacou de vez. Visitamos o local nesta quarta-feira, por volta das 10 da manh\u00e3, e n\u00e3o havia uma s\u00f3 alma trabalhando no local. Perguntei a dois senhores idosos que estavam sentados no banquinho da pra\u00e7a e eles me disseram que a obra j\u00e1 est\u00e1 parada h\u00e1 dias.<\/p>\n<p>Segundo fontes ligadas \u00e0 administra\u00e7\u00e3o municipal, o prefeito &#8220;est\u00e1 correndo atr\u00e1s&#8221; de mais um aditivo ao conv\u00eanio, para ver se recome\u00e7a a\u00a0dificultosa obra.<\/p>\n<p style=\"text-align: center;\"><a href=\"http:\/\/www.sudoestehoje.com.br\/novoportal\/wp-content\/uploads\/2010\/11\/100_4184.jpg\"><img loading=\"lazy\" decoding=\"async\" class=\"size-medium wp-image-2121  aligncenter\" title=\"100_4184\" src=\"http:\/\/www.sudoestehoje.com.br\/novoportal\/wp-content\/uploads\/2010\/11\/100_4184-500x375.jpg\" alt=\"\" width=\"500\" height=\"375\" srcset=\"https:\/\/www.sudoestehoje.com.br\/novoportal\/wp-content\/uploads\/2010\/11\/100_4184-500x375.jpg 500w, https:\/\/www.sudoestehoje.com.br\/novoportal\/wp-content\/uploads\/2010\/11\/100_4184-1024x768.jpg 1024w\" sizes=\"auto, (max-width: 500px) 100vw, 500px\" \/><\/a><\/p>\n<p style=\"text-align: center;\"><strong>Do belo cartaz, de custo alt\u00edssimo, sobraram os farrapos<\/strong><\/p>\n<p>\u00a0<\/p>\n<p>Se as coisas dependerem do r\u00edtmo &#8216;acelerado&#8217; do prefeito e sua equipe, o pr\u00f3ximo prefeito j\u00e1 vai come\u00e7ar o seu governo inaugurando o UPA, a Avenida J\u00falio Rodrigues e as casas do programa Minha Casa, Minha Vida, que o prefeito atual n\u00e3o vai dar conta, pelo andar da carruagem.<\/p>\n<p>At\u00e9 l\u00e1, Z\u00e9 inaugura as rampas para cadeirantes, o cavalo de S\u00e3o F\u00e9lix (feito no governo de Z\u00e9 Marcos)\u00a0e mais alguns quebra-molas, se botar s\u00eabo nas canelas&#8230;<\/p>\n<p>Davi Ferraz<\/p>\n","protected":false},"excerpt":{"rendered":"<p>As verbas &#8216;estouraram&#8217; somente nos alicerces de pedras, ao estilo dos castelos medievais \u00a0 ITAPETINGA: O UPA 24h \u00e9 uma obra do Governo Federal, construida em parceria como o munic\u00edpio. Em Itapetinga a obra foi anunciada como t\u00e1bua de salva\u00e7\u00e3o para os problema de atendimento m\u00e9dico de urg\u00eancia no munic\u00edpio, com os pol\u00edticos do PT [&hellip;]<\/p>\n","protected":false},"author":2,"featured_media":0,"comment_status":"open","ping_status":"open","sticky":false,"template":"","format":"standard","meta":{"footnotes":"","_links_to":"","_links_to_target":""},"categories":[1],"tags":[],"class_list":["post-2119","post","type-post","status-publish","format-standard","hentry","category-geral"],"views":1569,"_links":{"self":[{"href":"https:\/\/www.sudoestehoje.com.br\/novoportal\/wp-json\/wp\/v2\/posts\/2119","targetHints":{"allow":["GET"]}}],"collection":[{"href":"https:\/\/www.sudoestehoje.com.br\/novoportal\/wp-json\/wp\/v2\/posts"}],"about":[{"href":"https:\/\/www.sudoestehoje.com.br\/novoportal\/wp-json\/wp\/v2\/types\/post"}],"author":[{"embeddable":true,"href":"https:\/\/www.sudoestehoje.com.br\/novoportal\/wp-json\/wp\/v2\/users\/2"}],"replies":[{"embeddable":true,"href":"https:\/\/www.sudoestehoje.com.br\/novoportal\/wp-json\/wp\/v2\/comments?post=2119"}],"version-history":[{"count":5,"href":"https:\/\/www.sudoestehoje.com.br\/novoportal\/wp-json\/wp\/v2\/posts\/2119\/revisions"}],"predecessor-version":[{"id":2129,"href":"https:\/\/www.sudoestehoje.com.br\/novoportal\/wp-json\/wp\/v2\/posts\/2119\/revisions\/2129"}],"wp:attachment":[{"href":"https:\/\/www.sudoestehoje.com.br\/novoportal\/wp-json\/wp\/v2\/media?parent=2119"}],"wp:term":[{"taxonomy":"category","embeddable":true,"href":"https:\/\/www.sudoestehoje.com.br\/novoportal\/wp-json\/wp\/v2\/categories?post=2119"},{"taxonomy":"post_tag","embeddable":true,"href":"https:\/\/www.sudoestehoje.com.br\/novoportal\/wp-json\/wp\/v2\/tags?post=2119"}],"curies":[{"name":"wp","href":"https:\/\/api.w.org\/{rel}","templated":true}]}}