
{"id":2101,"date":"2010-11-23T00:02:04","date_gmt":"2010-11-23T03:02:04","guid":{"rendered":"http:\/\/www.sudoestehoje.com.br\/novoportal\/?p=2101"},"modified":"2010-11-23T00:07:34","modified_gmt":"2010-11-23T03:07:34","slug":"itapetinga-prefeito-ze-carlos-cortou-o-vale-transporte-dos-servidores","status":"publish","type":"post","link":"https:\/\/www.sudoestehoje.com.br\/novoportal\/2010\/11\/23\/itapetinga-prefeito-ze-carlos-cortou-o-vale-transporte-dos-servidores\/","title":{"rendered":"ITAPETINGA: PREFEITO Z\u00c9 CARLOS CORTOU O VALE TRANSPORTE DOS SERVIDORES"},"content":{"rendered":"<p style=\"text-align: center;\"><img decoding=\"async\" src=\"http:\/\/1.bp.blogspot.com\/_Ph9eIhK6noY\/TH2QkRZkD-I\/AAAAAAAAAT0\/czTdhBEomZQ\/s1600\/Vale+transporte+de+papel.jpg\" alt=\"\" \/><\/p>\n<p style=\"text-align: center;\"><strong>Prefeitura n\u00e3o pagou \u00e0 Via\u00e7\u00e3o Itapetinga e o Vale Transporte foi cortado<\/strong><\/p>\n<p>\u00a0<\/p>\n<p>ITAPETINGA: Segundo mat\u00e9ria publicada no site Itapetinga Net,\u00a0 a prefeitura de Itapetinga suspendeu o fornecimento dos Vales Transportes aos servidores municipais, neste m\u00eas de novembro, em fun\u00e7\u00e3o de uma d\u00edvida acumulada e n\u00e3o paga, junto \u00e0 Via\u00e7\u00e3o Itapetinga, que se recusa em fornecer os vales transportes, enquanto a d\u00edvida n\u00e3o for quitada pela prefeitura<\/p>\n<p>Isto \u00e9 vergonhoso e exp\u00f5e o descalabro administrativo que domina a administra\u00e7\u00e3o municipal em Itapetinga.\u00a0 O\u00a0Vale Transporte \u00e9 um direito de todo trabalhador e sempre foi\u00a0fornecido aos servidores municipais que residem distante dos seus postos de trabalho. \u00a0atrav\u00e9s de um\u00a0conv\u00eanio firmado entre o munic\u00edpio e a Via\u00e7\u00e3o Itapetinga, para distribui\u00e7\u00e3o entre os servidores, mensalmente.<\/p>\n<p>Por lei, s\u00e3o descontados 6% dos sal\u00e1rios do empregado, sendo o restante bancado pelo pr\u00f3prio\u00a0empregador, no caso a prefeitura municipal. Resta saber se a prefeitura continua efetuando os descontos em folha de pagamento, o que constituiria crime de apropria\u00e7\u00e3o ind\u00e9bita.<\/p>\n<p>Com\u00a0 a suspens\u00e3o do fornecimento\u00a0dos vales, o funcionalismo agora tem que acordar mais cedo e bater perna,\u00a0para cumprir o hor\u00e1rio de trabalho. \u00a0Quem trabalha longe vai ter de pagar moto-taxi ou a passagem normal na pr\u00f3pria Via\u00e7\u00e3o. Vale lembrar que o munic\u00edpio tem mais de 2.600 servidores, sendo que cerca de 80% deles fazem uso do Vale Transporte.<\/p>\n<p>Aguarda-se que as entidades de classe, Sindicatos dos Servidores e Professores busquem esclarecimentos e adotem\u00a0provid\u00eancias em defesa dos trabalhadores.<\/p>\n<p>Da Reda\u00e7\u00e3o<\/p>\n<p>Com informa\u00e7\u00f5es do Itapetinga Net<\/p>\n","protected":false},"excerpt":{"rendered":"<p>Prefeitura n\u00e3o pagou \u00e0 Via\u00e7\u00e3o Itapetinga e o Vale Transporte foi cortado \u00a0 ITAPETINGA: Segundo mat\u00e9ria publicada no site Itapetinga Net,\u00a0 a prefeitura de Itapetinga suspendeu o fornecimento dos Vales Transportes aos servidores municipais, neste m\u00eas de novembro, em fun\u00e7\u00e3o de uma d\u00edvida acumulada e n\u00e3o paga, junto \u00e0 Via\u00e7\u00e3o Itapetinga, que se recusa em [&hellip;]<\/p>\n","protected":false},"author":2,"featured_media":0,"comment_status":"open","ping_status":"open","sticky":false,"template":"","format":"standard","meta":{"footnotes":"","_links_to":"","_links_to_target":""},"categories":[1],"tags":[],"class_list":["post-2101","post","type-post","status-publish","format-standard","hentry","category-geral"],"views":1418,"_links":{"self":[{"href":"https:\/\/www.sudoestehoje.com.br\/novoportal\/wp-json\/wp\/v2\/posts\/2101","targetHints":{"allow":["GET"]}}],"collection":[{"href":"https:\/\/www.sudoestehoje.com.br\/novoportal\/wp-json\/wp\/v2\/posts"}],"about":[{"href":"https:\/\/www.sudoestehoje.com.br\/novoportal\/wp-json\/wp\/v2\/types\/post"}],"author":[{"embeddable":true,"href":"https:\/\/www.sudoestehoje.com.br\/novoportal\/wp-json\/wp\/v2\/users\/2"}],"replies":[{"embeddable":true,"href":"https:\/\/www.sudoestehoje.com.br\/novoportal\/wp-json\/wp\/v2\/comments?post=2101"}],"version-history":[{"count":7,"href":"https:\/\/www.sudoestehoje.com.br\/novoportal\/wp-json\/wp\/v2\/posts\/2101\/revisions"}],"predecessor-version":[{"id":2107,"href":"https:\/\/www.sudoestehoje.com.br\/novoportal\/wp-json\/wp\/v2\/posts\/2101\/revisions\/2107"}],"wp:attachment":[{"href":"https:\/\/www.sudoestehoje.com.br\/novoportal\/wp-json\/wp\/v2\/media?parent=2101"}],"wp:term":[{"taxonomy":"category","embeddable":true,"href":"https:\/\/www.sudoestehoje.com.br\/novoportal\/wp-json\/wp\/v2\/categories?post=2101"},{"taxonomy":"post_tag","embeddable":true,"href":"https:\/\/www.sudoestehoje.com.br\/novoportal\/wp-json\/wp\/v2\/tags?post=2101"}],"curies":[{"name":"wp","href":"https:\/\/api.w.org\/{rel}","templated":true}]}}