
{"id":20760,"date":"2012-09-27T12:06:21","date_gmt":"2012-09-27T15:06:21","guid":{"rendered":"http:\/\/www.sudoestehoje.com.br\/novoportal\/?p=20760"},"modified":"2012-09-27T12:09:05","modified_gmt":"2012-09-27T15:09:05","slug":"tim-fora-do-ar-em-itapetinga","status":"publish","type":"post","link":"https:\/\/www.sudoestehoje.com.br\/novoportal\/2012\/09\/27\/tim-fora-do-ar-em-itapetinga\/","title":{"rendered":"TIM FORA DO AR EM ITAPETINGA"},"content":{"rendered":"<p><img decoding=\"async\" class=\"aligncenter\" src=\"http:\/\/www.amargosanoticias.com\/wp-content\/uploads\/2011\/11\/389619_216820638387928_100001799815201_524954_442729603_n.jpg\" alt=\"\" width=\"400\" \/><\/p>\n<p>&nbsp;<\/p>\n<p>Os usu\u00e1rios da operadora de telefonia\u00a0TIM em Itapetinga est\u00e3o sem comunica\u00e7\u00e3o, desde o final da noite dessa quarta-feira (26). A falta de sinal de telefonia celular impede os aparelhos ligados \u00e0 operadora de fazer ou receber chamadas. Nos aparelhos celulares, aparece apenas a mensagem &#8220;Chamada de emerg\u00eancia&#8221;. \u00a0At\u00e9 o final da manh\u00e3 desta quinta-feira (27), o sinal ainda n\u00e3o havia sido restabelecido. Segundo o Blog do Anderson, o mesmo problema acontece em Vit\u00f3ria da Conquista. Ningu\u00e9m consegue contato com a operadora, pois os telefones se encontram sempre &#8216;ocupados&#8217;.<\/p>\n<p><strong><em>Da Reda\u00e7\u00e3o<\/em><\/strong><\/p>\n","protected":false},"excerpt":{"rendered":"<p>&nbsp; Os usu\u00e1rios da operadora de telefonia\u00a0TIM em Itapetinga est\u00e3o sem comunica\u00e7\u00e3o, desde o final da noite dessa quarta-feira (26). A falta de sinal de telefonia celular impede os aparelhos ligados \u00e0 operadora de fazer ou receber chamadas. Nos aparelhos celulares, aparece apenas a mensagem &#8220;Chamada de emerg\u00eancia&#8221;. \u00a0At\u00e9 o final da manh\u00e3 desta quinta-feira [&hellip;]<\/p>\n","protected":false},"author":2,"featured_media":0,"comment_status":"open","ping_status":"open","sticky":false,"template":"","format":"standard","meta":{"footnotes":"","_links_to":"","_links_to_target":""},"categories":[1],"tags":[],"class_list":["post-20760","post","type-post","status-publish","format-standard","hentry","category-geral"],"views":2741,"_links":{"self":[{"href":"https:\/\/www.sudoestehoje.com.br\/novoportal\/wp-json\/wp\/v2\/posts\/20760","targetHints":{"allow":["GET"]}}],"collection":[{"href":"https:\/\/www.sudoestehoje.com.br\/novoportal\/wp-json\/wp\/v2\/posts"}],"about":[{"href":"https:\/\/www.sudoestehoje.com.br\/novoportal\/wp-json\/wp\/v2\/types\/post"}],"author":[{"embeddable":true,"href":"https:\/\/www.sudoestehoje.com.br\/novoportal\/wp-json\/wp\/v2\/users\/2"}],"replies":[{"embeddable":true,"href":"https:\/\/www.sudoestehoje.com.br\/novoportal\/wp-json\/wp\/v2\/comments?post=20760"}],"version-history":[{"count":3,"href":"https:\/\/www.sudoestehoje.com.br\/novoportal\/wp-json\/wp\/v2\/posts\/20760\/revisions"}],"predecessor-version":[{"id":20762,"href":"https:\/\/www.sudoestehoje.com.br\/novoportal\/wp-json\/wp\/v2\/posts\/20760\/revisions\/20762"}],"wp:attachment":[{"href":"https:\/\/www.sudoestehoje.com.br\/novoportal\/wp-json\/wp\/v2\/media?parent=20760"}],"wp:term":[{"taxonomy":"category","embeddable":true,"href":"https:\/\/www.sudoestehoje.com.br\/novoportal\/wp-json\/wp\/v2\/categories?post=20760"},{"taxonomy":"post_tag","embeddable":true,"href":"https:\/\/www.sudoestehoje.com.br\/novoportal\/wp-json\/wp\/v2\/tags?post=20760"}],"curies":[{"name":"wp","href":"https:\/\/api.w.org\/{rel}","templated":true}]}}