
{"id":20744,"date":"2012-09-26T22:56:44","date_gmt":"2012-09-27T01:56:44","guid":{"rendered":"http:\/\/www.sudoestehoje.com.br\/novoportal\/?p=20744"},"modified":"2012-09-27T08:53:35","modified_gmt":"2012-09-27T11:53:35","slug":"populacao-nao-prestigiou-inauguracao-da-upa","status":"publish","type":"post","link":"https:\/\/www.sudoestehoje.com.br\/novoportal\/2012\/09\/26\/populacao-nao-prestigiou-inauguracao-da-upa\/","title":{"rendered":"POPULA\u00c7\u00c3O N\u00c3O PRESTIGIOU INAUGURA\u00c7\u00c3O DA UPA"},"content":{"rendered":"<p><img decoding=\"async\" class=\"aligncenter\" src=\"http:\/\/1.bp.blogspot.com\/-V18Q8QP-fRQ\/UGOaUNU5A5I\/AAAAAAAACU8\/OI364zZ-GYw\/s1600\/DSC04518.JPG\" alt=\"\" width=\"500\" \/><\/p>\n<p style=\"text-align: center;\"><em>\u00a0Inaugura\u00e7\u00e3o eleitoreira n\u00e3o contou com a presen\u00e7a da popula\u00e7\u00e3o<\/em><\/p>\n<p>&nbsp;<\/p>\n<p>ITAPETINGA: O governador da Bahia Jaques Wagner esteve em Itapetinga nesta quarta-feira (26) para inaugurar a UPA (Unidade de Pronto Atendimento 24hs), o que se esperava ser um grande movimento em fase de uma\u00a0inaugura\u00e7\u00e3o\u00a0t\u00e3o grandiosa acabou sendo um fiasco para os candidatos do PT, que chegaram a\u00a0autorizar\u00a0esvaziamento de Secretarias para participarem do evento. Poucas pessoas\u00a0compareceram, nem mesmo os selecionados no programa do governo no Residencial Moacir Moura foram ver o governador, o que mostra uma realidade: se n\u00e3o paga, o povo n\u00e3o participa. (Tribuna de Itapetinga)<\/p>\n<p>EQUIPAMENTOS EMPRESTADOS<\/p>\n<p>Al\u00e9m de utilizar equipamentos dos PSFs para &#8216;mobiliar&#8217; a UPA, h\u00e1 informa\u00e7\u00f5es de que a Secretaria Municipal de Sa\u00fade teria utilizado equipamentos emprestados de um conhecido m\u00e9dico ortopedista, que colocou os equipamentos da sua cl\u00ednica particular \u00e0 disposi\u00e7\u00e3o da prefeitura, para serem expostos durante a inaugura\u00e7\u00e3o.<\/p>\n<p style=\"text-align: center;\"><em>Foto Facebook<\/em><\/p>\n<p><img decoding=\"async\" class=\"aligncenter\" src=\"http:\/\/sphotos-b.ak.fbcdn.net\/hphotos-ak-ash3\/564305_148451085299640_1031423206_n.jpg\" alt=\"\" width=\"500\" \/><\/p>\n<p>Outro fato curioso foi a tentativa da secret\u00e1ria de sa\u00fade em impor aos servidores da UPA o uso de fardamento vermelho, o que teria sido refutado por um m\u00e9dico que comp\u00f5e a equipe e por alguns funcion\u00e1rios rec\u00e9m contratados. H\u00e1 tamb\u00e9m informa\u00e7\u00f5es de que alguns servidores selecionados para trabalharem na UPA ainda n\u00e3o foram formalmente contratados pelo munic\u00edpio.<\/p>\n<p><strong><em>Da Reda\u00e7\u00e3o<\/em><\/strong><\/p>\n","protected":false},"excerpt":{"rendered":"<p>\u00a0Inaugura\u00e7\u00e3o eleitoreira n\u00e3o contou com a presen\u00e7a da popula\u00e7\u00e3o &nbsp; ITAPETINGA: O governador da Bahia Jaques Wagner esteve em Itapetinga nesta quarta-feira (26) para inaugurar a UPA (Unidade de Pronto Atendimento 24hs), o que se esperava ser um grande movimento em fase de uma\u00a0inaugura\u00e7\u00e3o\u00a0t\u00e3o grandiosa acabou sendo um fiasco para os candidatos do PT, que [&hellip;]<\/p>\n","protected":false},"author":2,"featured_media":0,"comment_status":"open","ping_status":"open","sticky":false,"template":"","format":"standard","meta":{"footnotes":"","_links_to":"","_links_to_target":""},"categories":[1],"tags":[],"class_list":["post-20744","post","type-post","status-publish","format-standard","hentry","category-geral"],"views":1595,"_links":{"self":[{"href":"https:\/\/www.sudoestehoje.com.br\/novoportal\/wp-json\/wp\/v2\/posts\/20744","targetHints":{"allow":["GET"]}}],"collection":[{"href":"https:\/\/www.sudoestehoje.com.br\/novoportal\/wp-json\/wp\/v2\/posts"}],"about":[{"href":"https:\/\/www.sudoestehoje.com.br\/novoportal\/wp-json\/wp\/v2\/types\/post"}],"author":[{"embeddable":true,"href":"https:\/\/www.sudoestehoje.com.br\/novoportal\/wp-json\/wp\/v2\/users\/2"}],"replies":[{"embeddable":true,"href":"https:\/\/www.sudoestehoje.com.br\/novoportal\/wp-json\/wp\/v2\/comments?post=20744"}],"version-history":[{"count":8,"href":"https:\/\/www.sudoestehoje.com.br\/novoportal\/wp-json\/wp\/v2\/posts\/20744\/revisions"}],"predecessor-version":[{"id":20748,"href":"https:\/\/www.sudoestehoje.com.br\/novoportal\/wp-json\/wp\/v2\/posts\/20744\/revisions\/20748"}],"wp:attachment":[{"href":"https:\/\/www.sudoestehoje.com.br\/novoportal\/wp-json\/wp\/v2\/media?parent=20744"}],"wp:term":[{"taxonomy":"category","embeddable":true,"href":"https:\/\/www.sudoestehoje.com.br\/novoportal\/wp-json\/wp\/v2\/categories?post=20744"},{"taxonomy":"post_tag","embeddable":true,"href":"https:\/\/www.sudoestehoje.com.br\/novoportal\/wp-json\/wp\/v2\/tags?post=20744"}],"curies":[{"name":"wp","href":"https:\/\/api.w.org\/{rel}","templated":true}]}}