
{"id":20740,"date":"2012-09-26T22:28:49","date_gmt":"2012-09-27T01:28:49","guid":{"rendered":"http:\/\/www.sudoestehoje.com.br\/novoportal\/?p=20740"},"modified":"2012-09-26T22:28:49","modified_gmt":"2012-09-27T01:28:49","slug":"acaba-a-greve-dos-bancos-privados","status":"publish","type":"post","link":"https:\/\/www.sudoestehoje.com.br\/novoportal\/2012\/09\/26\/acaba-a-greve-dos-bancos-privados\/","title":{"rendered":"ACABA A GREVE DOS BANCOS PRIVADOS"},"content":{"rendered":"<p><img decoding=\"async\" class=\"aligncenter\" src=\"http:\/\/4.bp.blogspot.com\/_FZrhJ9kg6J4\/S8yVE5FaKEI\/AAAAAAAAAVQ\/TItf6bCuUeg\/s1600\/DSC02958.JPG\" alt=\"\" width=\"500\" \/><\/p>\n<p style=\"text-align: center;\"><em>Bancos particulares reabrem nesta quinta-feira<\/em><\/p>\n<p>&nbsp;<\/p>\n<p>Em assembleia realizada na noite desta quarta-feira (26), os funcion\u00e1rios decidiram encerrar a greve dos bancos privados. Segundo informa\u00e7\u00f5es de Euclides Fagundes, presidente do Sindicato dos Banc\u00e1rios da Bahia, a categoria ligada aos bancos p\u00fablicos \u2013 Banco do Nordeste, Banco do Brasil e Caixa Econ\u00f4mica Federal &#8211;\u00a0 n\u00e3o aceitou a proposta da Federa\u00e7\u00e3o Nacional de Bancos (Fenaban) de 7,5% de reajuste do piso inicial.<\/p>\n<p>A assembleia, que aconteceu Gin\u00e1sio de Esportes dos Banc\u00e1rios, come\u00e7ou por volta das 19 horas e teve fim \u00e0s 20h40. Ainda segundo o presidente do sindicato, uma nova reuni\u00e3o est\u00e1 marcada para \u00e0s 18h30 desta quinta-feira (27), no mesmo local, com o intuito de discutir o andamento da paralisa\u00e7\u00e3o dos bancos p\u00fablicos. Os funcion\u00e1rios dos bancos privados retomam as atividades a partir de amanh\u00e3.<\/p>\n<p><em>Correio<\/em><\/p>\n","protected":false},"excerpt":{"rendered":"<p>Bancos particulares reabrem nesta quinta-feira &nbsp; Em assembleia realizada na noite desta quarta-feira (26), os funcion\u00e1rios decidiram encerrar a greve dos bancos privados. Segundo informa\u00e7\u00f5es de Euclides Fagundes, presidente do Sindicato dos Banc\u00e1rios da Bahia, a categoria ligada aos bancos p\u00fablicos \u2013 Banco do Nordeste, Banco do Brasil e Caixa Econ\u00f4mica Federal &#8211;\u00a0 n\u00e3o aceitou [&hellip;]<\/p>\n","protected":false},"author":2,"featured_media":0,"comment_status":"open","ping_status":"open","sticky":false,"template":"","format":"standard","meta":{"footnotes":"","_links_to":"","_links_to_target":""},"categories":[1],"tags":[],"class_list":["post-20740","post","type-post","status-publish","format-standard","hentry","category-geral"],"views":1133,"_links":{"self":[{"href":"https:\/\/www.sudoestehoje.com.br\/novoportal\/wp-json\/wp\/v2\/posts\/20740","targetHints":{"allow":["GET"]}}],"collection":[{"href":"https:\/\/www.sudoestehoje.com.br\/novoportal\/wp-json\/wp\/v2\/posts"}],"about":[{"href":"https:\/\/www.sudoestehoje.com.br\/novoportal\/wp-json\/wp\/v2\/types\/post"}],"author":[{"embeddable":true,"href":"https:\/\/www.sudoestehoje.com.br\/novoportal\/wp-json\/wp\/v2\/users\/2"}],"replies":[{"embeddable":true,"href":"https:\/\/www.sudoestehoje.com.br\/novoportal\/wp-json\/wp\/v2\/comments?post=20740"}],"version-history":[{"count":3,"href":"https:\/\/www.sudoestehoje.com.br\/novoportal\/wp-json\/wp\/v2\/posts\/20740\/revisions"}],"predecessor-version":[{"id":20743,"href":"https:\/\/www.sudoestehoje.com.br\/novoportal\/wp-json\/wp\/v2\/posts\/20740\/revisions\/20743"}],"wp:attachment":[{"href":"https:\/\/www.sudoestehoje.com.br\/novoportal\/wp-json\/wp\/v2\/media?parent=20740"}],"wp:term":[{"taxonomy":"category","embeddable":true,"href":"https:\/\/www.sudoestehoje.com.br\/novoportal\/wp-json\/wp\/v2\/categories?post=20740"},{"taxonomy":"post_tag","embeddable":true,"href":"https:\/\/www.sudoestehoje.com.br\/novoportal\/wp-json\/wp\/v2\/tags?post=20740"}],"curies":[{"name":"wp","href":"https:\/\/api.w.org\/{rel}","templated":true}]}}