
{"id":20704,"date":"2012-09-26T12:24:33","date_gmt":"2012-09-26T15:24:33","guid":{"rendered":"http:\/\/www.sudoestehoje.com.br\/novoportal\/?p=20704"},"modified":"2012-09-26T12:24:33","modified_gmt":"2012-09-26T15:24:33","slug":"continua-a-greve-dos-correios","status":"publish","type":"post","link":"https:\/\/www.sudoestehoje.com.br\/novoportal\/2012\/09\/26\/continua-a-greve-dos-correios\/","title":{"rendered":"CONTINUA A GREVE DOS CORREIOS"},"content":{"rendered":"<div id=\"attachment_20705\" style=\"width: 510px\" class=\"wp-caption aligncenter\"><a href=\"http:\/\/www.sudoestehoje.com.br\/novoportal\/wp-content\/uploads\/2012\/09\/CORREIO.jpg\"><img loading=\"lazy\" decoding=\"async\" aria-describedby=\"caption-attachment-20705\" class=\"size-medium wp-image-20705\" title=\"CORREIO\" src=\"http:\/\/www.sudoestehoje.com.br\/novoportal\/wp-content\/uploads\/2012\/09\/CORREIO-500x333.jpg\" alt=\"\" width=\"500\" height=\"333\" srcset=\"https:\/\/www.sudoestehoje.com.br\/novoportal\/wp-content\/uploads\/2012\/09\/CORREIO-500x333.jpg 500w, https:\/\/www.sudoestehoje.com.br\/novoportal\/wp-content\/uploads\/2012\/09\/CORREIO.jpg 717w\" sizes=\"auto, (max-width: 500px) 100vw, 500px\" \/><\/a><p id=\"caption-attachment-20705\" class=\"wp-caption-text\">Funcion\u00e1rios dos Correios em Itapetinga aguardam o fim das negocia\u00e7\u00f5es para retornarem ao trabalho. Foto Sudoeste Hoje<\/p><\/div>\n<p>&nbsp;<\/p>\n<p>Terminou sem acordo a segunda rodada de negocia\u00e7\u00e3o entre representantes dos Correios e dos trabalhadores da estatal em greve, realizada nesta ter\u00e7a-feira (25), em Bras\u00edlia, e que contou com a media\u00e7\u00e3o do Tribunal Superior do Trabalho (TST).<\/p>\n<p>A manuten\u00e7\u00e3o do impasse leva ao julgamento da quest\u00e3o pelo TST. A sess\u00e3o que vai tratar do diss\u00eddio coletivo est\u00e1 marcada para a pr\u00f3xima quinta-feira (27), em sess\u00e3o extraordin\u00e1ria do tribunal.<\/p>\n<p>O movimento grevista teve in\u00edcio no dia 11 de setembro e conta com a ades\u00e3o de parte dos empregados dos Correios. A reuni\u00e3o desta ter\u00e7a durou cinco horas.<\/p>\n<p><strong><em>G1<\/em><\/strong><\/p>\n","protected":false},"excerpt":{"rendered":"<p>&nbsp; Terminou sem acordo a segunda rodada de negocia\u00e7\u00e3o entre representantes dos Correios e dos trabalhadores da estatal em greve, realizada nesta ter\u00e7a-feira (25), em Bras\u00edlia, e que contou com a media\u00e7\u00e3o do Tribunal Superior do Trabalho (TST). A manuten\u00e7\u00e3o do impasse leva ao julgamento da quest\u00e3o pelo TST. A sess\u00e3o que vai tratar do [&hellip;]<\/p>\n","protected":false},"author":2,"featured_media":0,"comment_status":"open","ping_status":"open","sticky":false,"template":"","format":"standard","meta":{"footnotes":"","_links_to":"","_links_to_target":""},"categories":[1],"tags":[],"class_list":["post-20704","post","type-post","status-publish","format-standard","hentry","category-geral"],"views":1256,"_links":{"self":[{"href":"https:\/\/www.sudoestehoje.com.br\/novoportal\/wp-json\/wp\/v2\/posts\/20704","targetHints":{"allow":["GET"]}}],"collection":[{"href":"https:\/\/www.sudoestehoje.com.br\/novoportal\/wp-json\/wp\/v2\/posts"}],"about":[{"href":"https:\/\/www.sudoestehoje.com.br\/novoportal\/wp-json\/wp\/v2\/types\/post"}],"author":[{"embeddable":true,"href":"https:\/\/www.sudoestehoje.com.br\/novoportal\/wp-json\/wp\/v2\/users\/2"}],"replies":[{"embeddable":true,"href":"https:\/\/www.sudoestehoje.com.br\/novoportal\/wp-json\/wp\/v2\/comments?post=20704"}],"version-history":[{"count":2,"href":"https:\/\/www.sudoestehoje.com.br\/novoportal\/wp-json\/wp\/v2\/posts\/20704\/revisions"}],"predecessor-version":[{"id":20707,"href":"https:\/\/www.sudoestehoje.com.br\/novoportal\/wp-json\/wp\/v2\/posts\/20704\/revisions\/20707"}],"wp:attachment":[{"href":"https:\/\/www.sudoestehoje.com.br\/novoportal\/wp-json\/wp\/v2\/media?parent=20704"}],"wp:term":[{"taxonomy":"category","embeddable":true,"href":"https:\/\/www.sudoestehoje.com.br\/novoportal\/wp-json\/wp\/v2\/categories?post=20704"},{"taxonomy":"post_tag","embeddable":true,"href":"https:\/\/www.sudoestehoje.com.br\/novoportal\/wp-json\/wp\/v2\/tags?post=20704"}],"curies":[{"name":"wp","href":"https:\/\/api.w.org\/{rel}","templated":true}]}}