
{"id":20685,"date":"2012-09-26T18:31:04","date_gmt":"2012-09-26T21:31:04","guid":{"rendered":"http:\/\/www.sudoestehoje.com.br\/novoportal\/?p=20685"},"modified":"2012-09-26T18:31:04","modified_gmt":"2012-09-26T21:31:04","slug":"plano-de-governo-do-22-e-apresentado-na-cooedita","status":"publish","type":"post","link":"https:\/\/www.sudoestehoje.com.br\/novoportal\/2012\/09\/26\/plano-de-governo-do-22-e-apresentado-na-cooedita\/","title":{"rendered":"PLANO DE GOVERNO DO 22 \u00c9 APRESENTADO NA COOEDITA"},"content":{"rendered":"<p><a href=\"http:\/\/www.sudoestehoje.com.br\/novoportal\/wp-content\/uploads\/2012\/09\/COO1.jpg\"><img loading=\"lazy\" decoding=\"async\" class=\"aligncenter size-medium wp-image-20723\" title=\"COO1\" src=\"http:\/\/www.sudoestehoje.com.br\/novoportal\/wp-content\/uploads\/2012\/09\/COO1-500x334.jpg\" alt=\"\" width=\"500\" height=\"334\" srcset=\"https:\/\/www.sudoestehoje.com.br\/novoportal\/wp-content\/uploads\/2012\/09\/COO1-500x334.jpg 500w, https:\/\/www.sudoestehoje.com.br\/novoportal\/wp-content\/uploads\/2012\/09\/COO1.jpg 714w\" sizes=\"auto, (max-width: 500px) 100vw, 500px\" \/><\/a><\/p>\n<p>&nbsp;<\/p>\n<p><em>Ascom PR<\/em><\/p>\n<p>Assim como Dr. Arnaldo tem dado show de compet\u00eancia e transpar\u00eancia ao apresentar seu plano de governo em reuni\u00f5es com diversos segmentos da sociedade, nesta segunda-feira pela manh\u00e3 foi a vez do candidato a vice-prefeito, professor Geraldo Trindade, fazer uma excelente apresenta\u00e7\u00e3o das propostas de governo do 22 para estudantes do 2\u00ba e do 3\u00ba ano da Cooedita.<\/p>\n<p><a href=\"http:\/\/www.sudoestehoje.com.br\/novoportal\/wp-content\/uploads\/2012\/09\/COO.jpg\"><img loading=\"lazy\" decoding=\"async\" class=\"aligncenter size-medium wp-image-20724\" title=\"COO\" src=\"http:\/\/www.sudoestehoje.com.br\/novoportal\/wp-content\/uploads\/2012\/09\/COO-500x334.jpg\" alt=\"\" width=\"500\" height=\"334\" srcset=\"https:\/\/www.sudoestehoje.com.br\/novoportal\/wp-content\/uploads\/2012\/09\/COO-500x334.jpg 500w, https:\/\/www.sudoestehoje.com.br\/novoportal\/wp-content\/uploads\/2012\/09\/COO.jpg 714w\" sizes=\"auto, (max-width: 500px) 100vw, 500px\" \/><\/a><\/p>\n<p>Como o candidato Arnaldo Texeira, n\u00e3o p\u00f4de participar devido a compromissos com sua agenda de m\u00e9dico e cirurgi\u00e3o, foi representado pelo seu vice, que, muito \u00e0 vontade em uma sala de aula, foi nota 10 ao destacar a import\u00e2ncia da juventude na hist\u00f3ria pol\u00edtica do Brasil e ao analisar a fundo os problemas da nossa cidade tem hoje, apresentando, ao mesmo tempo, as solu\u00e7\u00f5es contidas no Plano de Governo da sua coliga\u00e7\u00e3o para que a cidade volte a crescer, reassuma a lideran\u00e7a na regi\u00e3o e na Bahia, e a popula\u00e7\u00e3o resgate sua dignidade como povo honesto, que n\u00e3o combina com a corrup\u00e7\u00e3o, a mentira e atraso.<\/p>\n<p><a href=\"http:\/\/www.sudoestehoje.com.br\/novoportal\/wp-content\/uploads\/2012\/09\/COO2.jpg\"><img loading=\"lazy\" decoding=\"async\" class=\"aligncenter size-medium wp-image-20725\" title=\"COO2\" src=\"http:\/\/www.sudoestehoje.com.br\/novoportal\/wp-content\/uploads\/2012\/09\/COO2-500x334.jpg\" alt=\"\" width=\"500\" height=\"334\" srcset=\"https:\/\/www.sudoestehoje.com.br\/novoportal\/wp-content\/uploads\/2012\/09\/COO2-500x334.jpg 500w, https:\/\/www.sudoestehoje.com.br\/novoportal\/wp-content\/uploads\/2012\/09\/COO2.jpg 714w\" sizes=\"auto, (max-width: 500px) 100vw, 500px\" \/><\/a><\/p>\n<p>Administra\u00e7\u00e3o compartilhada, austeridade e transpar\u00eancia na gest\u00e3o p\u00fablica, implanta\u00e7\u00e3o de uma pol\u00edtica p\u00fablica de cultura, esporte e lazer, gera\u00e7\u00e3o de novos empregos e preserva\u00e7\u00e3o dos existentes, al\u00e9m de a\u00e7\u00f5es efetivas para garantir mais seguran\u00e7a, sa\u00fade e educa\u00e7\u00e3o de qualidade para a popula\u00e7\u00e3o foram alguns dos temas que prenderam a aten\u00e7\u00e3o dos estudantes durante toda a apresenta\u00e7\u00e3o.<!--more--><\/p>\n<p>Por\u00e9m, o sil\u00eancio cort\u00eas da plateia foi quebrado quando, espantados, os alunos acompanharam atentamente a apresenta\u00e7\u00e3o da s\u00e9rie de den\u00fancias de desvio de dinheiro p\u00fablico, contratos superfaturados e outros, ilegais, na atual gest\u00e3o municipal. Mostrando-se inconformados com esta situa\u00e7\u00e3o, os jovens manifestaram claramente que n\u00e3o compactuam com esse modelo de gest\u00e3o.<\/p>\n<p>A reuni\u00e3o com os estudantes do ensino m\u00e9dio da Cooedita partiu de uma solicita\u00e7\u00e3o da Coliga\u00e7\u00e3o Novo Tempo para Itapetinga, depois estendida pela escola \u00e0s participa\u00e7\u00f5es dos candidatos das demais coliga\u00e7\u00f5es.\u00a0 Pelo PMDB esteve presente a candidata K\u00e1tia Espinheira. O PT justificou que seu candidato a prefeito n\u00e3o poderia participar, devido a ocupa\u00e7\u00e3o na agenda, e n\u00e3o\u00a0 enviou o candidato a vice para represent\u00e1-lo.<\/p>\n<p>&nbsp;<\/p>\n<p>&nbsp;<\/p>\n","protected":false},"excerpt":{"rendered":"<p>&nbsp; Ascom PR Assim como Dr. Arnaldo tem dado show de compet\u00eancia e transpar\u00eancia ao apresentar seu plano de governo em reuni\u00f5es com diversos segmentos da sociedade, nesta segunda-feira pela manh\u00e3 foi a vez do candidato a vice-prefeito, professor Geraldo Trindade, fazer uma excelente apresenta\u00e7\u00e3o das propostas de governo do 22 para estudantes do 2\u00ba [&hellip;]<\/p>\n","protected":false},"author":2,"featured_media":0,"comment_status":"open","ping_status":"open","sticky":false,"template":"","format":"standard","meta":{"footnotes":"","_links_to":"","_links_to_target":""},"categories":[1],"tags":[],"class_list":["post-20685","post","type-post","status-publish","format-standard","hentry","category-geral"],"views":2390,"_links":{"self":[{"href":"https:\/\/www.sudoestehoje.com.br\/novoportal\/wp-json\/wp\/v2\/posts\/20685","targetHints":{"allow":["GET"]}}],"collection":[{"href":"https:\/\/www.sudoestehoje.com.br\/novoportal\/wp-json\/wp\/v2\/posts"}],"about":[{"href":"https:\/\/www.sudoestehoje.com.br\/novoportal\/wp-json\/wp\/v2\/types\/post"}],"author":[{"embeddable":true,"href":"https:\/\/www.sudoestehoje.com.br\/novoportal\/wp-json\/wp\/v2\/users\/2"}],"replies":[{"embeddable":true,"href":"https:\/\/www.sudoestehoje.com.br\/novoportal\/wp-json\/wp\/v2\/comments?post=20685"}],"version-history":[{"count":4,"href":"https:\/\/www.sudoestehoje.com.br\/novoportal\/wp-json\/wp\/v2\/posts\/20685\/revisions"}],"predecessor-version":[{"id":20728,"href":"https:\/\/www.sudoestehoje.com.br\/novoportal\/wp-json\/wp\/v2\/posts\/20685\/revisions\/20728"}],"wp:attachment":[{"href":"https:\/\/www.sudoestehoje.com.br\/novoportal\/wp-json\/wp\/v2\/media?parent=20685"}],"wp:term":[{"taxonomy":"category","embeddable":true,"href":"https:\/\/www.sudoestehoje.com.br\/novoportal\/wp-json\/wp\/v2\/categories?post=20685"},{"taxonomy":"post_tag","embeddable":true,"href":"https:\/\/www.sudoestehoje.com.br\/novoportal\/wp-json\/wp\/v2\/tags?post=20685"}],"curies":[{"name":"wp","href":"https:\/\/api.w.org\/{rel}","templated":true}]}}