
{"id":20660,"date":"2012-09-25T18:06:03","date_gmt":"2012-09-25T21:06:03","guid":{"rendered":"http:\/\/www.sudoestehoje.com.br\/novoportal\/?p=20660"},"modified":"2012-09-25T18:06:03","modified_gmt":"2012-09-25T21:06:03","slug":"arnaldo-e-geraldo-expoem-plano-de-governo-aos-produtores-rurais","status":"publish","type":"post","link":"https:\/\/www.sudoestehoje.com.br\/novoportal\/2012\/09\/25\/arnaldo-e-geraldo-expoem-plano-de-governo-aos-produtores-rurais\/","title":{"rendered":"ARNALDO E GERALDO EXP\u00d5EM PLANO DE GOVERNO AOS PRODUTORES RURAIS"},"content":{"rendered":"<p>&nbsp;<\/p>\n<p><a href=\"http:\/\/www.sudoestehoje.com.br\/novoportal\/wp-content\/uploads\/2012\/09\/SRI.jpg\"><img loading=\"lazy\" decoding=\"async\" class=\"aligncenter size-medium wp-image-20661\" title=\"SRI\" src=\"http:\/\/www.sudoestehoje.com.br\/novoportal\/wp-content\/uploads\/2012\/09\/SRI-500x334.jpg\" alt=\"\" width=\"500\" height=\"334\" srcset=\"https:\/\/www.sudoestehoje.com.br\/novoportal\/wp-content\/uploads\/2012\/09\/SRI-500x334.jpg 500w, https:\/\/www.sudoestehoje.com.br\/novoportal\/wp-content\/uploads\/2012\/09\/SRI.jpg 714w\" sizes=\"auto, (max-width: 500px) 100vw, 500px\" \/><\/a><\/p>\n<p><em>Ascom PR<\/em><\/p>\n<p>Mais uma vez, o Plano de Governo dos candidatos Arnaldo Texeira e Geraldo Trindade recebeu in\u00fameras manifesta\u00e7\u00f5es de aprova\u00e7\u00e3o. Desta vez a apresenta\u00e7\u00e3o feita pelo Dr. Arnaldo aconteceu ontem, \u00e0s 20 h, no \u00a0Tathersal de Leil\u00f5es do \u00a0Parque de Exposi\u00e7\u00f5es Juvino Oliveira. A reuni\u00e3o foi promovida pela diretoria do Sindicato Rural de Itapetinga, para que os tr\u00eas candidatos a prefeito tivessem a oportunidade de apresentar suas propostas, especialmente aquelas voltadas para o desenvolvimento do setor agropecu\u00e1rio.<\/p>\n<p><a href=\"http:\/\/www.sudoestehoje.com.br\/novoportal\/wp-content\/uploads\/2012\/09\/SRI-2.jpg\"><img loading=\"lazy\" decoding=\"async\" class=\"aligncenter size-medium wp-image-20662\" title=\"SRI 2\" src=\"http:\/\/www.sudoestehoje.com.br\/novoportal\/wp-content\/uploads\/2012\/09\/SRI-2-500x330.jpg\" alt=\"\" width=\"500\" height=\"330\" srcset=\"https:\/\/www.sudoestehoje.com.br\/novoportal\/wp-content\/uploads\/2012\/09\/SRI-2-500x330.jpg 500w, https:\/\/www.sudoestehoje.com.br\/novoportal\/wp-content\/uploads\/2012\/09\/SRI-2.jpg 716w\" sizes=\"auto, (max-width: 500px) 100vw, 500px\" \/><\/a><\/p>\n<p>Apesar de convidado, mais uma vez o prefeito Jos\u00e9 Carlos Moura, candidato \u00e0 reelei\u00e7\u00e3o pelo PT, n\u00e3o compareceu ao evento, alegando, por telefone, \u00e0s 18h, que por quest\u00e3o de \u201cforo \u00edntimo\u201d, n\u00e3o estaria presente. E, de novo, o PT sequer enviou o seu candidato a vice para represent\u00e1-lo, assim como ambos n\u00e3o compareceram ao encontro com estudantes da Cooedita, ontem pela manh\u00e3, e sequer justificaram suas aus\u00eancias.<\/p>\n<p><a href=\"http:\/\/www.sudoestehoje.com.br\/novoportal\/wp-content\/uploads\/2012\/09\/SRI3.jpg\"><img loading=\"lazy\" decoding=\"async\" class=\"aligncenter size-medium wp-image-20663\" title=\"SRI3\" src=\"http:\/\/www.sudoestehoje.com.br\/novoportal\/wp-content\/uploads\/2012\/09\/SRI3-500x334.jpg\" alt=\"\" width=\"500\" height=\"334\" srcset=\"https:\/\/www.sudoestehoje.com.br\/novoportal\/wp-content\/uploads\/2012\/09\/SRI3-500x334.jpg 500w, https:\/\/www.sudoestehoje.com.br\/novoportal\/wp-content\/uploads\/2012\/09\/SRI3.jpg 714w\" sizes=\"auto, (max-width: 500px) 100vw, 500px\" \/><\/a><\/p>\n<p>Produtores rurais, empres\u00e1rios, estudantes e professores da UESB e do IF Bahiano, diretores e associados da Coopardo e Cooleite, al\u00e9m de integrantes da Ma\u00e7onaria, Rotary Clube e do Conselho Representativo das Institui\u00e7\u00f5es de Itapetinga(CRI), participaram ativamente do encontro, com perguntas sobre diversos assuntos ligados aos problemas do nosso munic\u00edpio e do setor rural.<\/p>\n<p>Na oportunidade os candidatos receberam do Sindicato Rural uma pauta de reivindica\u00e7\u00f5es, para ser avaliada e assinada como compromisso do futuro gestor para com o desenvolvimento do setor agropecu\u00e1rio.<\/p>\n","protected":false},"excerpt":{"rendered":"<p>&nbsp; Ascom PR Mais uma vez, o Plano de Governo dos candidatos Arnaldo Texeira e Geraldo Trindade recebeu in\u00fameras manifesta\u00e7\u00f5es de aprova\u00e7\u00e3o. Desta vez a apresenta\u00e7\u00e3o feita pelo Dr. Arnaldo aconteceu ontem, \u00e0s 20 h, no \u00a0Tathersal de Leil\u00f5es do \u00a0Parque de Exposi\u00e7\u00f5es Juvino Oliveira. A reuni\u00e3o foi promovida pela diretoria do Sindicato Rural de [&hellip;]<\/p>\n","protected":false},"author":2,"featured_media":0,"comment_status":"open","ping_status":"open","sticky":false,"template":"","format":"standard","meta":{"footnotes":"","_links_to":"","_links_to_target":""},"categories":[1],"tags":[],"class_list":["post-20660","post","type-post","status-publish","format-standard","hentry","category-geral"],"views":1632,"_links":{"self":[{"href":"https:\/\/www.sudoestehoje.com.br\/novoportal\/wp-json\/wp\/v2\/posts\/20660","targetHints":{"allow":["GET"]}}],"collection":[{"href":"https:\/\/www.sudoestehoje.com.br\/novoportal\/wp-json\/wp\/v2\/posts"}],"about":[{"href":"https:\/\/www.sudoestehoje.com.br\/novoportal\/wp-json\/wp\/v2\/types\/post"}],"author":[{"embeddable":true,"href":"https:\/\/www.sudoestehoje.com.br\/novoportal\/wp-json\/wp\/v2\/users\/2"}],"replies":[{"embeddable":true,"href":"https:\/\/www.sudoestehoje.com.br\/novoportal\/wp-json\/wp\/v2\/comments?post=20660"}],"version-history":[{"count":6,"href":"https:\/\/www.sudoestehoje.com.br\/novoportal\/wp-json\/wp\/v2\/posts\/20660\/revisions"}],"predecessor-version":[{"id":20669,"href":"https:\/\/www.sudoestehoje.com.br\/novoportal\/wp-json\/wp\/v2\/posts\/20660\/revisions\/20669"}],"wp:attachment":[{"href":"https:\/\/www.sudoestehoje.com.br\/novoportal\/wp-json\/wp\/v2\/media?parent=20660"}],"wp:term":[{"taxonomy":"category","embeddable":true,"href":"https:\/\/www.sudoestehoje.com.br\/novoportal\/wp-json\/wp\/v2\/categories?post=20660"},{"taxonomy":"post_tag","embeddable":true,"href":"https:\/\/www.sudoestehoje.com.br\/novoportal\/wp-json\/wp\/v2\/tags?post=20660"}],"curies":[{"name":"wp","href":"https:\/\/api.w.org\/{rel}","templated":true}]}}