
{"id":20654,"date":"2012-09-25T17:35:00","date_gmt":"2012-09-25T20:35:00","guid":{"rendered":"http:\/\/www.sudoestehoje.com.br\/novoportal\/?p=20654"},"modified":"2012-09-25T17:35:00","modified_gmt":"2012-09-25T20:35:00","slug":"macarani-justica-eleitoral-cassa-candidaturas-de-dr-paulo-lacerda-e-frank-nogueira","status":"publish","type":"post","link":"https:\/\/www.sudoestehoje.com.br\/novoportal\/2012\/09\/25\/macarani-justica-eleitoral-cassa-candidaturas-de-dr-paulo-lacerda-e-frank-nogueira\/","title":{"rendered":"MACARANI: JUSTI\u00c7A ELEITORAL CASSA CANDIDATURAS DE DR. PAULO LACERDA E FRANK NOGUEIRA"},"content":{"rendered":"<p style=\"text-align: center;\"><img decoding=\"async\" class=\"aligncenter\" src=\"http:\/\/4.bp.blogspot.com\/-MiVPCF8WLQQ\/UD41bQa2UiI\/AAAAAAAACto\/Ga7X0iXtKWE\/s400\/frank.jpg\" alt=\"\" width=\"400\" \/><\/p>\n<p>&nbsp;<\/p>\n<p>A Justi\u00e7a Eleitoral cassou, nessa manh\u00e3 de 25 de setembro, as candidaturas de Paulo Lacerda e Frank Nogueira para a Prefeitura de Macarani. Com essa decis\u00e3o, Paulo Lacerda e Frank Nogueira n\u00e3o s\u00e3o mais considerados candidatos nessas elei\u00e7\u00f5es. Na mesma senten\u00e7a, a Juiza Eleitoral tamb\u00e9m declarou Paulo Lacerda e Frank Nogueira ineleg\u00edveis pelos pr\u00f3ximos 8 anos, e, durante esse prazo, n\u00e3o mais poder\u00e3o ser candidatos a qualquer cargo politico.<\/p>\n<p>Muito embora Paulo e Frank possam recorrer da decis\u00e3o, analistas acreditam que a senten\u00e7a da Juiza Giselle de Fatima Cunha Guimar\u00e3es Ribeiro n\u00e3o ser\u00e1 modificada pelo Tribunal Regional Eleitoral de Salvador. Os motivos para a \u00a0cassa\u00e7\u00e3o dos registros de Paulo e Frank Nogueira foram o uso indevido dos meios de comunica\u00e7\u00e3o e abuso do poder politico e econ\u00f4mico, no uso da emissora de r\u00e1dio Transam\u00e9rica Hits, durante a campanha eleitoral.<\/p>\n<p>CONFIRA NO LINK A DECIS\u00c3O:\u00a0<a href=\"http:\/\/www.sudoestehoje.com.br\/novoportal\/wp-content\/uploads\/2012\/09\/sentenca.pdf\">sentenca<\/a><\/p>\n<p>Informa\u00e7\u00f5es do blog \u00a0<em>T\u00e1 na Boca do Povo<\/em><\/p>\n","protected":false},"excerpt":{"rendered":"<p>&nbsp; A Justi\u00e7a Eleitoral cassou, nessa manh\u00e3 de 25 de setembro, as candidaturas de Paulo Lacerda e Frank Nogueira para a Prefeitura de Macarani. Com essa decis\u00e3o, Paulo Lacerda e Frank Nogueira n\u00e3o s\u00e3o mais considerados candidatos nessas elei\u00e7\u00f5es. Na mesma senten\u00e7a, a Juiza Eleitoral tamb\u00e9m declarou Paulo Lacerda e Frank Nogueira ineleg\u00edveis pelos pr\u00f3ximos [&hellip;]<\/p>\n","protected":false},"author":2,"featured_media":0,"comment_status":"open","ping_status":"open","sticky":false,"template":"","format":"standard","meta":{"footnotes":"","_links_to":"","_links_to_target":""},"categories":[1],"tags":[],"class_list":["post-20654","post","type-post","status-publish","format-standard","hentry","category-geral"],"views":1960,"_links":{"self":[{"href":"https:\/\/www.sudoestehoje.com.br\/novoportal\/wp-json\/wp\/v2\/posts\/20654","targetHints":{"allow":["GET"]}}],"collection":[{"href":"https:\/\/www.sudoestehoje.com.br\/novoportal\/wp-json\/wp\/v2\/posts"}],"about":[{"href":"https:\/\/www.sudoestehoje.com.br\/novoportal\/wp-json\/wp\/v2\/types\/post"}],"author":[{"embeddable":true,"href":"https:\/\/www.sudoestehoje.com.br\/novoportal\/wp-json\/wp\/v2\/users\/2"}],"replies":[{"embeddable":true,"href":"https:\/\/www.sudoestehoje.com.br\/novoportal\/wp-json\/wp\/v2\/comments?post=20654"}],"version-history":[{"count":4,"href":"https:\/\/www.sudoestehoje.com.br\/novoportal\/wp-json\/wp\/v2\/posts\/20654\/revisions"}],"predecessor-version":[{"id":20659,"href":"https:\/\/www.sudoestehoje.com.br\/novoportal\/wp-json\/wp\/v2\/posts\/20654\/revisions\/20659"}],"wp:attachment":[{"href":"https:\/\/www.sudoestehoje.com.br\/novoportal\/wp-json\/wp\/v2\/media?parent=20654"}],"wp:term":[{"taxonomy":"category","embeddable":true,"href":"https:\/\/www.sudoestehoje.com.br\/novoportal\/wp-json\/wp\/v2\/categories?post=20654"},{"taxonomy":"post_tag","embeddable":true,"href":"https:\/\/www.sudoestehoje.com.br\/novoportal\/wp-json\/wp\/v2\/tags?post=20654"}],"curies":[{"name":"wp","href":"https:\/\/api.w.org\/{rel}","templated":true}]}}