
{"id":20641,"date":"2012-09-24T19:19:34","date_gmt":"2012-09-24T22:19:34","guid":{"rendered":"http:\/\/www.sudoestehoje.com.br\/novoportal\/?p=20641"},"modified":"2012-09-24T19:19:34","modified_gmt":"2012-09-24T22:19:34","slug":"deputado-daniel-almeida-pede-intervencao-na-pm-de-itapetinga","status":"publish","type":"post","link":"https:\/\/www.sudoestehoje.com.br\/novoportal\/2012\/09\/24\/deputado-daniel-almeida-pede-intervencao-na-pm-de-itapetinga\/","title":{"rendered":"DEPUTADO DANIEL ALMEIDA PEDE INTERVEN\u00c7\u00c3O NA PM DE ITAPETINGA"},"content":{"rendered":"<p><a href=\"http:\/\/www.sudoestehoje.com.br\/novoportal\/wp-content\/uploads\/2012\/09\/GEDC5913.jpg\"><img loading=\"lazy\" decoding=\"async\" class=\"aligncenter size-medium wp-image-20642\" title=\"GEDC5913\" src=\"http:\/\/www.sudoestehoje.com.br\/novoportal\/wp-content\/uploads\/2012\/09\/GEDC5913-500x281.jpg\" alt=\"\" width=\"500\" height=\"281\" srcset=\"https:\/\/www.sudoestehoje.com.br\/novoportal\/wp-content\/uploads\/2012\/09\/GEDC5913-500x281.jpg 500w, https:\/\/www.sudoestehoje.com.br\/novoportal\/wp-content\/uploads\/2012\/09\/GEDC5913-1024x576.jpg 1024w, https:\/\/www.sudoestehoje.com.br\/novoportal\/wp-content\/uploads\/2012\/09\/GEDC5913.jpg 1920w\" sizes=\"auto, (max-width: 500px) 100vw, 500px\" \/><\/a><\/p>\n<p style=\"text-align: center;\"><em>Dep. Daniel Almeida (PCdoB) faz parte da base de apoio ao governo Wagner<\/em><\/p>\n<p>&nbsp;<\/p>\n<p>ITAPETINGA: O Deputado Federal Daniel Almeida (PC do B), que esteve no final de semana participando da caminhada das Vilas com K\u00e1tia e Gilson, vai solicitar que o Governador Wagner envie um comandante de maior patente para coordenar a Pol\u00edcia Militar em Itapetinga, at\u00e9 o t\u00e9rmino da elei\u00e7\u00e3o. O atual Comandante 8\u00aa CIPM de Itapetinga, Major Ferreira Lopes, foi indicado pelo antecessor Serpa, integrante do grupo pol\u00edtico do Deputado Geraldo Sim\u00f5es (PT), que \u00e9 ligado ao prefeito Z\u00e9 Carlos. Serpa chegou a ter seu nome cogitado para ser vice na chapa da candidata a prefeita de Itabuna, Ju\u00e7ara Feitosa, que \u00e9\u00a0esposa de Geraldo\u00a0Sim\u00f5es<em>.<\/em><\/p>\n<p>Os coordenadores da campanha \u201cItapetinga em Boas M\u00e3os\u201d relataram que parte da PM n\u00e3o est\u00e1 agindo com isen\u00e7\u00e3o e que policiais nos dias de folga est\u00e3o trabalhando na seguran\u00e7a das caminhadas do Prefeito.<\/p>\n<p>Informa\u00e7\u00f5es <em>Blog do Z\u00e9 Ferreira<\/em><\/p>\n<p>&nbsp;<\/p>\n","protected":false},"excerpt":{"rendered":"<p>Dep. Daniel Almeida (PCdoB) faz parte da base de apoio ao governo Wagner &nbsp; ITAPETINGA: O Deputado Federal Daniel Almeida (PC do B), que esteve no final de semana participando da caminhada das Vilas com K\u00e1tia e Gilson, vai solicitar que o Governador Wagner envie um comandante de maior patente para coordenar a Pol\u00edcia Militar [&hellip;]<\/p>\n","protected":false},"author":2,"featured_media":0,"comment_status":"open","ping_status":"open","sticky":false,"template":"","format":"standard","meta":{"footnotes":"","_links_to":"","_links_to_target":""},"categories":[1],"tags":[],"class_list":["post-20641","post","type-post","status-publish","format-standard","hentry","category-geral"],"views":1331,"_links":{"self":[{"href":"https:\/\/www.sudoestehoje.com.br\/novoportal\/wp-json\/wp\/v2\/posts\/20641","targetHints":{"allow":["GET"]}}],"collection":[{"href":"https:\/\/www.sudoestehoje.com.br\/novoportal\/wp-json\/wp\/v2\/posts"}],"about":[{"href":"https:\/\/www.sudoestehoje.com.br\/novoportal\/wp-json\/wp\/v2\/types\/post"}],"author":[{"embeddable":true,"href":"https:\/\/www.sudoestehoje.com.br\/novoportal\/wp-json\/wp\/v2\/users\/2"}],"replies":[{"embeddable":true,"href":"https:\/\/www.sudoestehoje.com.br\/novoportal\/wp-json\/wp\/v2\/comments?post=20641"}],"version-history":[{"count":3,"href":"https:\/\/www.sudoestehoje.com.br\/novoportal\/wp-json\/wp\/v2\/posts\/20641\/revisions"}],"predecessor-version":[{"id":20645,"href":"https:\/\/www.sudoestehoje.com.br\/novoportal\/wp-json\/wp\/v2\/posts\/20641\/revisions\/20645"}],"wp:attachment":[{"href":"https:\/\/www.sudoestehoje.com.br\/novoportal\/wp-json\/wp\/v2\/media?parent=20641"}],"wp:term":[{"taxonomy":"category","embeddable":true,"href":"https:\/\/www.sudoestehoje.com.br\/novoportal\/wp-json\/wp\/v2\/categories?post=20641"},{"taxonomy":"post_tag","embeddable":true,"href":"https:\/\/www.sudoestehoje.com.br\/novoportal\/wp-json\/wp\/v2\/tags?post=20641"}],"curies":[{"name":"wp","href":"https:\/\/api.w.org\/{rel}","templated":true}]}}