
{"id":20614,"date":"2012-09-23T21:27:49","date_gmt":"2012-09-24T00:27:49","guid":{"rendered":"http:\/\/www.sudoestehoje.com.br\/novoportal\/?p=20614"},"modified":"2012-09-23T21:29:03","modified_gmt":"2012-09-24T00:29:03","slug":"julgamento-do-mensalao-atrapalha-campanhas-do-pt-nas-capitais","status":"publish","type":"post","link":"https:\/\/www.sudoestehoje.com.br\/novoportal\/2012\/09\/23\/julgamento-do-mensalao-atrapalha-campanhas-do-pt-nas-capitais\/","title":{"rendered":"JULGAMENTO DO MENSAL\u00c3O ATRAPALHA CAMPANHAS DO PT"},"content":{"rendered":"<p><img decoding=\"async\" class=\"aligncenter\" src=\"http:\/\/sphotos-a.ak.fbcdn.net\/hphotos-ak-snc7\/296074_436863899697997_1745263242_n.jpg\" alt=\"\" width=\"400\" \/><\/p>\n<p>&nbsp;<\/p>\n<p>A s\u00e9rie de condena\u00e7\u00f5es no Supremo Tribunal Federal atropelou os planos do PT de manter o mensal\u00e3o distante das elei\u00e7\u00f5es municipais. O tema j\u00e1 est\u00e1 presente em pelo menos metade das disputas das capitais e tende a se alastrar com o julgamento do ex-ministro da Casa Civil Jos\u00e9 Dirceu \u00e0s v\u00e9speras do 1.\u00ba turno, em 7 de outubro. O embate que op\u00f5e petistas e aliados do ex-presidente Luiz In\u00e1cio Lula da Silva aos partidos de oposi\u00e7\u00e3o capitaneados pelo PSDB j\u00e1 apareceu, na TV ou em discursos p\u00fablicos de campanha, em 13 capitais, segundo levantamento realizado pelo Estado. O mensal\u00e3o s\u00f3 \u00e9 ignorado em cidades nas quais o partido de Lula n\u00e3o tem candidato ou o nome do PT n\u00e3o se mostra competitivo. Leia mais em\u00a0<a href=\"http:\/\/www.estadao.com.br\/noticias\/nacional,uso-do-mensalao-como-arma-eleitoral-se-espalha-por-campanhas-nas-capitais,934403,0.htm\" target=\"_blank\">Estad\u00e3o<\/a>.<\/p>\n","protected":false},"excerpt":{"rendered":"<p>&nbsp; A s\u00e9rie de condena\u00e7\u00f5es no Supremo Tribunal Federal atropelou os planos do PT de manter o mensal\u00e3o distante das elei\u00e7\u00f5es municipais. O tema j\u00e1 est\u00e1 presente em pelo menos metade das disputas das capitais e tende a se alastrar com o julgamento do ex-ministro da Casa Civil Jos\u00e9 Dirceu \u00e0s v\u00e9speras do 1.\u00ba turno, [&hellip;]<\/p>\n","protected":false},"author":2,"featured_media":0,"comment_status":"open","ping_status":"open","sticky":false,"template":"","format":"standard","meta":{"footnotes":"","_links_to":"","_links_to_target":""},"categories":[1],"tags":[],"class_list":["post-20614","post","type-post","status-publish","format-standard","hentry","category-geral"],"views":1144,"_links":{"self":[{"href":"https:\/\/www.sudoestehoje.com.br\/novoportal\/wp-json\/wp\/v2\/posts\/20614","targetHints":{"allow":["GET"]}}],"collection":[{"href":"https:\/\/www.sudoestehoje.com.br\/novoportal\/wp-json\/wp\/v2\/posts"}],"about":[{"href":"https:\/\/www.sudoestehoje.com.br\/novoportal\/wp-json\/wp\/v2\/types\/post"}],"author":[{"embeddable":true,"href":"https:\/\/www.sudoestehoje.com.br\/novoportal\/wp-json\/wp\/v2\/users\/2"}],"replies":[{"embeddable":true,"href":"https:\/\/www.sudoestehoje.com.br\/novoportal\/wp-json\/wp\/v2\/comments?post=20614"}],"version-history":[{"count":4,"href":"https:\/\/www.sudoestehoje.com.br\/novoportal\/wp-json\/wp\/v2\/posts\/20614\/revisions"}],"predecessor-version":[{"id":20617,"href":"https:\/\/www.sudoestehoje.com.br\/novoportal\/wp-json\/wp\/v2\/posts\/20614\/revisions\/20617"}],"wp:attachment":[{"href":"https:\/\/www.sudoestehoje.com.br\/novoportal\/wp-json\/wp\/v2\/media?parent=20614"}],"wp:term":[{"taxonomy":"category","embeddable":true,"href":"https:\/\/www.sudoestehoje.com.br\/novoportal\/wp-json\/wp\/v2\/categories?post=20614"},{"taxonomy":"post_tag","embeddable":true,"href":"https:\/\/www.sudoestehoje.com.br\/novoportal\/wp-json\/wp\/v2\/tags?post=20614"}],"curies":[{"name":"wp","href":"https:\/\/api.w.org\/{rel}","templated":true}]}}