
{"id":206,"date":"2010-09-02T20:27:59","date_gmt":"2010-09-02T23:27:59","guid":{"rendered":"http:\/\/sudoestehoje.tempsite.ws\/novoportal\/?p=206"},"modified":"2010-09-18T13:31:51","modified_gmt":"2010-09-18T16:31:51","slug":"jequie-sandro-regis-participa-de-caminhada-ao-lado-de-paulo-souto","status":"publish","type":"post","link":"https:\/\/www.sudoestehoje.com.br\/novoportal\/2010\/09\/02\/jequie-sandro-regis-participa-de-caminhada-ao-lado-de-paulo-souto\/","title":{"rendered":"JEQUI\u00c9: SANDRO R\u00c9GIS PARTICIPA DE CAMINHADA AO LADO DE PAULO SOUTO"},"content":{"rendered":"<div>\n<p style=\"text-align: center;\"><a rel=\"nofollow\" href=\"http:\/\/www.sandroregis22220.com.br\/wp-content\/uploads\/2010\/09\/sandro_souto4.jpg\" target=\"_blank\"><span style=\"color: #e30613; font-size: large;\"><img loading=\"lazy\" decoding=\"async\" class=\"aligncenter\" title=\"sandro_souto\" src=\"http:\/\/www.sandroregis22220.com.br\/wp-content\/uploads\/2010\/09\/sandro_souto4-300x205.jpg\" border=\"0\" alt=\"\" width=\"300\" height=\"205\" \/><\/span><\/a><\/p>\n<p>O  deputado estadual e candidato a reelei\u00e7\u00e3o, Sandro R\u00e9gis,\u00a0retornanou ao  munic\u00edpio de Jequi\u00e9 nesta quinta-feira (02\/09) para participar de uma  caminhada nas ruas do centro da cidade. Na ocasi\u00e3o, aconteceu tamb\u00e9m a  inaugura\u00e7\u00e3o do comit\u00ea central da coliga\u00e7\u00e3o \u201cA Bahia merece mais\u201d, na  Pra\u00e7a Luiz Viana. O evento contou com a participa\u00e7\u00e3o do candidato ao  governo da Bahia, Paulo Souto, al\u00e9m do candidato a vice, o ex-governador  Nilo Coelho, e dos candidatos ao senado federal Jos\u00e9 Ronaldo e Jos\u00e9  Carlos Aleluia. Tamb\u00e9m participaram do evento os candidatos \u00e0s elei\u00e7\u00f5es  proporcionais, deputados Jo\u00e3o Almeida e Jutahy J\u00fanior.<\/p>\n<\/div>\n","protected":false},"excerpt":{"rendered":"<p>O deputado estadual e candidato a reelei\u00e7\u00e3o, Sandro R\u00e9gis,\u00a0retornanou ao munic\u00edpio de Jequi\u00e9 nesta quinta-feira (02\/09) para participar de uma caminhada nas ruas do centro da cidade. Na ocasi\u00e3o, aconteceu tamb\u00e9m a inaugura\u00e7\u00e3o do comit\u00ea central da coliga\u00e7\u00e3o \u201cA Bahia merece mais\u201d, na Pra\u00e7a Luiz Viana. O evento contou com a participa\u00e7\u00e3o do candidato ao [&hellip;]<\/p>\n","protected":false},"author":1,"featured_media":0,"comment_status":"open","ping_status":"open","sticky":false,"template":"","format":"standard","meta":{"footnotes":"","_links_to":"","_links_to_target":""},"categories":[1],"tags":[],"class_list":["post-206","post","type-post","status-publish","format-standard","hentry","category-geral"],"views":1171,"_links":{"self":[{"href":"https:\/\/www.sudoestehoje.com.br\/novoportal\/wp-json\/wp\/v2\/posts\/206","targetHints":{"allow":["GET"]}}],"collection":[{"href":"https:\/\/www.sudoestehoje.com.br\/novoportal\/wp-json\/wp\/v2\/posts"}],"about":[{"href":"https:\/\/www.sudoestehoje.com.br\/novoportal\/wp-json\/wp\/v2\/types\/post"}],"author":[{"embeddable":true,"href":"https:\/\/www.sudoestehoje.com.br\/novoportal\/wp-json\/wp\/v2\/users\/1"}],"replies":[{"embeddable":true,"href":"https:\/\/www.sudoestehoje.com.br\/novoportal\/wp-json\/wp\/v2\/comments?post=206"}],"version-history":[{"count":2,"href":"https:\/\/www.sudoestehoje.com.br\/novoportal\/wp-json\/wp\/v2\/posts\/206\/revisions"}],"predecessor-version":[{"id":208,"href":"https:\/\/www.sudoestehoje.com.br\/novoportal\/wp-json\/wp\/v2\/posts\/206\/revisions\/208"}],"wp:attachment":[{"href":"https:\/\/www.sudoestehoje.com.br\/novoportal\/wp-json\/wp\/v2\/media?parent=206"}],"wp:term":[{"taxonomy":"category","embeddable":true,"href":"https:\/\/www.sudoestehoje.com.br\/novoportal\/wp-json\/wp\/v2\/categories?post=206"},{"taxonomy":"post_tag","embeddable":true,"href":"https:\/\/www.sudoestehoje.com.br\/novoportal\/wp-json\/wp\/v2\/tags?post=206"}],"curies":[{"name":"wp","href":"https:\/\/api.w.org\/{rel}","templated":true}]}}