
{"id":20555,"date":"2012-09-21T23:59:38","date_gmt":"2012-09-22T02:59:38","guid":{"rendered":"http:\/\/www.sudoestehoje.com.br\/novoportal\/?p=20555"},"modified":"2012-09-25T16:33:40","modified_gmt":"2012-09-25T19:33:40","slug":"queijo-ou-manteiga","status":"publish","type":"post","link":"https:\/\/www.sudoestehoje.com.br\/novoportal\/2012\/09\/21\/queijo-ou-manteiga\/","title":{"rendered":"QUEIJO OU MANTEIGA?"},"content":{"rendered":"<p style=\"text-align: center;\"><img decoding=\"async\" class=\"aligncenter\" src=\"http:\/\/www.portalsaofrancisco.com.br\/alfa\/historia-do-queijo\/imagens\/historia-do-queijo.jpg\" alt=\"\" width=\"150\" \/><\/p>\n<p>Em visita \u00e0 ind\u00fastria de leite Valedourado, o prefeito Jos\u00e9 Carlos (PT) saiu com uma verdadeira p\u00e9rola. Disse aos funcion\u00e1rios da empresa que era consumidor dos produtos da f\u00e1brica, principalmente os &#8216;deliciosos queijos&#8217;, que ele jurou consumir diariamente. Depois que o alcaide foi embora, o assunto virou a maior goza\u00e7\u00e3o, por um simples detalhe: a Valedourado n\u00e3o fabrica queijos. Ser\u00e1 que &#8216;sua excel\u00eancia&#8217; j\u00e1 est\u00e1 trocando as bolas e comendo tira-gosto de manteiga, pensando que \u00e9 de queijo?<\/p>\n","protected":false},"excerpt":{"rendered":"<p>Em visita \u00e0 ind\u00fastria de leite Valedourado, o prefeito Jos\u00e9 Carlos (PT) saiu com uma verdadeira p\u00e9rola. Disse aos funcion\u00e1rios da empresa que era consumidor dos produtos da f\u00e1brica, principalmente os &#8216;deliciosos queijos&#8217;, que ele jurou consumir diariamente. Depois que o alcaide foi embora, o assunto virou a maior goza\u00e7\u00e3o, por um simples detalhe: a [&hellip;]<\/p>\n","protected":false},"author":2,"featured_media":0,"comment_status":"open","ping_status":"open","sticky":false,"template":"","format":"standard","meta":{"footnotes":"","_links_to":"","_links_to_target":""},"categories":[11],"tags":[],"class_list":["post-20555","post","type-post","status-publish","format-standard","hentry","category-quentinhas"],"views":1690,"_links":{"self":[{"href":"https:\/\/www.sudoestehoje.com.br\/novoportal\/wp-json\/wp\/v2\/posts\/20555","targetHints":{"allow":["GET"]}}],"collection":[{"href":"https:\/\/www.sudoestehoje.com.br\/novoportal\/wp-json\/wp\/v2\/posts"}],"about":[{"href":"https:\/\/www.sudoestehoje.com.br\/novoportal\/wp-json\/wp\/v2\/types\/post"}],"author":[{"embeddable":true,"href":"https:\/\/www.sudoestehoje.com.br\/novoportal\/wp-json\/wp\/v2\/users\/2"}],"replies":[{"embeddable":true,"href":"https:\/\/www.sudoestehoje.com.br\/novoportal\/wp-json\/wp\/v2\/comments?post=20555"}],"version-history":[{"count":3,"href":"https:\/\/www.sudoestehoje.com.br\/novoportal\/wp-json\/wp\/v2\/posts\/20555\/revisions"}],"predecessor-version":[{"id":20557,"href":"https:\/\/www.sudoestehoje.com.br\/novoportal\/wp-json\/wp\/v2\/posts\/20555\/revisions\/20557"}],"wp:attachment":[{"href":"https:\/\/www.sudoestehoje.com.br\/novoportal\/wp-json\/wp\/v2\/media?parent=20555"}],"wp:term":[{"taxonomy":"category","embeddable":true,"href":"https:\/\/www.sudoestehoje.com.br\/novoportal\/wp-json\/wp\/v2\/categories?post=20555"},{"taxonomy":"post_tag","embeddable":true,"href":"https:\/\/www.sudoestehoje.com.br\/novoportal\/wp-json\/wp\/v2\/tags?post=20555"}],"curies":[{"name":"wp","href":"https:\/\/api.w.org\/{rel}","templated":true}]}}