
{"id":20512,"date":"2012-09-19T10:08:50","date_gmt":"2012-09-19T13:08:50","guid":{"rendered":"http:\/\/www.sudoestehoje.com.br\/novoportal\/?p=20512"},"modified":"2012-09-19T10:33:28","modified_gmt":"2012-09-19T13:33:28","slug":"pt-de-itapetinga-disputa-espaco-com-o-movimento-gay","status":"publish","type":"post","link":"https:\/\/www.sudoestehoje.com.br\/novoportal\/2012\/09\/19\/pt-de-itapetinga-disputa-espaco-com-o-movimento-gay\/","title":{"rendered":"PT DE ITAPETINGA DISPUTA ESPA\u00c7O COM O MOVIMENTO GAY"},"content":{"rendered":"<p><img decoding=\"async\" class=\"aligncenter\" src=\"http:\/\/falaitapetinga.hospedagemdesites.ws\/wp-content\/uploads\/2012\/09\/PARADA-GAY-2011.jpg\" alt=\"Parada Gay de 2011\" width=\"500\" \/><\/p>\n<p>&nbsp;<\/p>\n<p>Uma verdadeira disputa por espa\u00e7o est\u00e1 se travando entre o candidato petista Jos\u00e9 Carlos Moura e o movimento gay de Itapetinga. Os grupos ligados ao movimento gay (LGBTTTs), que realizam anualmente a sua tradicional &#8216;Parada Gay&#8217; pelas ruas centrais da cidade, est\u00e3o enfrentando uma concorr\u00eancia desigual por parte do grupo do prefeito, que resolveu marcar um evento pol\u00edtico para a mesma data e local, a pra\u00e7a Dairy Valley, no domingo pr\u00f3ximo.<\/p>\n<p>Acontece que o movimento gay j\u00e1 havia marcado o seu evento h\u00e1 mais de tr\u00eas meses, quando os eventos pol\u00edticos ainda n\u00e3o haviam sido programados, \u00a0comunicando \u00e0 Pol\u00edcia Civil, PM, Comutran, Prefeitura e \u00e0 pr\u00f3pria Justi\u00e7a Eleitoral, que j\u00e1 haviam dado as suas permiss\u00f5es ao movimento. Agora, enfrentando a forte concorr\u00eancia do prefeito e seus aliados, o Movimento Gay de Itapetinga deposita todas as suas esperan\u00e7as na ju\u00edza eleitoral da comarca, que dever\u00e1 se pronunciar sobre a quest\u00e3o, nas pr\u00f3ximas horas.<\/p>\n<p>Em \u00e9poca de escassez de votos, brigar com os movimentos organizados n\u00e3o \u00e9 um bom neg\u00f3cio&#8230;<\/p>\n<p><strong><em>Por Davi Ferraz\u00a0<\/em><\/strong><\/p>\n","protected":false},"excerpt":{"rendered":"<p>&nbsp; Uma verdadeira disputa por espa\u00e7o est\u00e1 se travando entre o candidato petista Jos\u00e9 Carlos Moura e o movimento gay de Itapetinga. Os grupos ligados ao movimento gay (LGBTTTs), que realizam anualmente a sua tradicional &#8216;Parada Gay&#8217; pelas ruas centrais da cidade, est\u00e3o enfrentando uma concorr\u00eancia desigual por parte do grupo do prefeito, que resolveu [&hellip;]<\/p>\n","protected":false},"author":2,"featured_media":0,"comment_status":"open","ping_status":"open","sticky":false,"template":"","format":"standard","meta":{"footnotes":"","_links_to":"","_links_to_target":""},"categories":[1],"tags":[],"class_list":["post-20512","post","type-post","status-publish","format-standard","hentry","category-geral"],"views":1394,"_links":{"self":[{"href":"https:\/\/www.sudoestehoje.com.br\/novoportal\/wp-json\/wp\/v2\/posts\/20512","targetHints":{"allow":["GET"]}}],"collection":[{"href":"https:\/\/www.sudoestehoje.com.br\/novoportal\/wp-json\/wp\/v2\/posts"}],"about":[{"href":"https:\/\/www.sudoestehoje.com.br\/novoportal\/wp-json\/wp\/v2\/types\/post"}],"author":[{"embeddable":true,"href":"https:\/\/www.sudoestehoje.com.br\/novoportal\/wp-json\/wp\/v2\/users\/2"}],"replies":[{"embeddable":true,"href":"https:\/\/www.sudoestehoje.com.br\/novoportal\/wp-json\/wp\/v2\/comments?post=20512"}],"version-history":[{"count":4,"href":"https:\/\/www.sudoestehoje.com.br\/novoportal\/wp-json\/wp\/v2\/posts\/20512\/revisions"}],"predecessor-version":[{"id":20515,"href":"https:\/\/www.sudoestehoje.com.br\/novoportal\/wp-json\/wp\/v2\/posts\/20512\/revisions\/20515"}],"wp:attachment":[{"href":"https:\/\/www.sudoestehoje.com.br\/novoportal\/wp-json\/wp\/v2\/media?parent=20512"}],"wp:term":[{"taxonomy":"category","embeddable":true,"href":"https:\/\/www.sudoestehoje.com.br\/novoportal\/wp-json\/wp\/v2\/categories?post=20512"},{"taxonomy":"post_tag","embeddable":true,"href":"https:\/\/www.sudoestehoje.com.br\/novoportal\/wp-json\/wp\/v2\/tags?post=20512"}],"curies":[{"name":"wp","href":"https:\/\/api.w.org\/{rel}","templated":true}]}}