
{"id":20486,"date":"2012-09-18T21:55:14","date_gmt":"2012-09-19T00:55:14","guid":{"rendered":"http:\/\/www.sudoestehoje.com.br\/novoportal\/?p=20486"},"modified":"2012-09-19T21:45:11","modified_gmt":"2012-09-20T00:45:11","slug":"katia-espinheira-participa-de-encontro-na-oab","status":"publish","type":"post","link":"https:\/\/www.sudoestehoje.com.br\/novoportal\/2012\/09\/18\/katia-espinheira-participa-de-encontro-na-oab\/","title":{"rendered":"K\u00c1TIA ESPINHEIRA PARTICIPA DE ENCONTRO NA OAB"},"content":{"rendered":"<p><a href=\"http:\/\/www.sudoestehoje.com.br\/novoportal\/wp-content\/uploads\/2012\/09\/DSCF9558.jpg\"><img loading=\"lazy\" decoding=\"async\" class=\"aligncenter size-medium wp-image-20487\" title=\"DSCF9558\" src=\"http:\/\/www.sudoestehoje.com.br\/novoportal\/wp-content\/uploads\/2012\/09\/DSCF9558-500x375.jpg\" alt=\"\" width=\"500\" height=\"375\" srcset=\"https:\/\/www.sudoestehoje.com.br\/novoportal\/wp-content\/uploads\/2012\/09\/DSCF9558-500x375.jpg 500w, https:\/\/www.sudoestehoje.com.br\/novoportal\/wp-content\/uploads\/2012\/09\/DSCF9558-1024x768.jpg 1024w, https:\/\/www.sudoestehoje.com.br\/novoportal\/wp-content\/uploads\/2012\/09\/DSCF9558.jpg 2048w\" sizes=\"auto, (max-width: 500px) 100vw, 500px\" \/><\/a><\/p>\n<p>&nbsp;<\/p>\n<p>Atendendo a um Convite da Ordem dos Advogados do Brasil \u2013 OAB\/Bahia, K\u00e1tia Espinheira compareceu na tarde desta segunda feira dia 17\/09, a subse\u00e7\u00e3o itapetinguense para um encontro com advogados, Conselheiros Seccionais, Conselheiros Representativos e representantes das entidades participantes do\u00a0Conselho Representativo das Institui\u00e7\u00f5es de Itapetinga\u00a0\u2013\u00a0CRII, interessado em conhecer as propostas da Coliga\u00e7\u00e3o Itapetinga em Boas M\u00e3os.<\/p>\n<p><a href=\"http:\/\/www.sudoestehoje.com.br\/novoportal\/wp-content\/uploads\/2012\/09\/DSCF9553.jpg\"><img loading=\"lazy\" decoding=\"async\" class=\"aligncenter size-medium wp-image-20488\" title=\"DSCF9553\" src=\"http:\/\/www.sudoestehoje.com.br\/novoportal\/wp-content\/uploads\/2012\/09\/DSCF9553-500x375.jpg\" alt=\"\" width=\"500\" height=\"375\" srcset=\"https:\/\/www.sudoestehoje.com.br\/novoportal\/wp-content\/uploads\/2012\/09\/DSCF9553-500x375.jpg 500w, https:\/\/www.sudoestehoje.com.br\/novoportal\/wp-content\/uploads\/2012\/09\/DSCF9553-1024x768.jpg 1024w, https:\/\/www.sudoestehoje.com.br\/novoportal\/wp-content\/uploads\/2012\/09\/DSCF9553.jpg 2048w\" sizes=\"auto, (max-width: 500px) 100vw, 500px\" \/><\/a><\/p>\n<p id=\"yui_3_2_0_1_1348014558558519\">Durante o encontro iniciado \u00e0s 17 horas K\u00e1tia, discursou de forma fascinante sobre sua biografia pessoal e pol\u00edtica, Justificando a sua candidatura e destacando sua propostas nas \u00e1reas de Sa\u00fade, Educa\u00e7\u00e3o, Seguran\u00e7a Publica, informando a futura composi\u00e7\u00e3o do seu governo, dando destaque a import\u00e2ncia da cria\u00e7\u00e3o de uma Secretaria da Ind\u00fastria, Comercio e Turismo, passo crucial para a fomenta\u00e7\u00e3o de empregos, e a reabertura das Secretarias de Cultura; hoje segregada a uma pasta pelo governo atual, e a tamb\u00e9m institui\u00e7\u00e3o efetiva de uma Secretaria de Planejamento, pois n\u00e3o \u00e9 poss\u00edvel que uma Prefeitura possa existir sem planejar.<\/p>\n<p><a href=\"http:\/\/www.sudoestehoje.com.br\/novoportal\/wp-content\/uploads\/2012\/09\/DSCF9555.jpg\"><img loading=\"lazy\" decoding=\"async\" class=\"aligncenter size-medium wp-image-20489\" title=\"DSCF9555\" src=\"http:\/\/www.sudoestehoje.com.br\/novoportal\/wp-content\/uploads\/2012\/09\/DSCF9555-500x375.jpg\" alt=\"\" width=\"500\" height=\"375\" srcset=\"https:\/\/www.sudoestehoje.com.br\/novoportal\/wp-content\/uploads\/2012\/09\/DSCF9555-500x375.jpg 500w, https:\/\/www.sudoestehoje.com.br\/novoportal\/wp-content\/uploads\/2012\/09\/DSCF9555-1024x768.jpg 1024w, https:\/\/www.sudoestehoje.com.br\/novoportal\/wp-content\/uploads\/2012\/09\/DSCF9555.jpg 2048w\" sizes=\"auto, (max-width: 500px) 100vw, 500px\" \/><\/a><\/p>\n<p>Ao final, K\u00e1tia Espinheira foi aplaudida pela plat\u00e9ia e cumprimentada pelo Presidente da OAB\/Sub Itapetinga, Fabr\u00edcio Moreira, pela exposi\u00e7\u00e3o do seu projeto de governo.<\/p>\n<p><em>Ascom PMDB<\/em><\/p>\n","protected":false},"excerpt":{"rendered":"<p>&nbsp; Atendendo a um Convite da Ordem dos Advogados do Brasil \u2013 OAB\/Bahia, K\u00e1tia Espinheira compareceu na tarde desta segunda feira dia 17\/09, a subse\u00e7\u00e3o itapetinguense para um encontro com advogados, Conselheiros Seccionais, Conselheiros Representativos e representantes das entidades participantes do\u00a0Conselho Representativo das Institui\u00e7\u00f5es de Itapetinga\u00a0\u2013\u00a0CRII, interessado em conhecer as propostas da Coliga\u00e7\u00e3o Itapetinga em [&hellip;]<\/p>\n","protected":false},"author":2,"featured_media":0,"comment_status":"open","ping_status":"open","sticky":false,"template":"","format":"standard","meta":{"footnotes":"","_links_to":"","_links_to_target":""},"categories":[1],"tags":[],"class_list":["post-20486","post","type-post","status-publish","format-standard","hentry","category-geral"],"views":1506,"_links":{"self":[{"href":"https:\/\/www.sudoestehoje.com.br\/novoportal\/wp-json\/wp\/v2\/posts\/20486","targetHints":{"allow":["GET"]}}],"collection":[{"href":"https:\/\/www.sudoestehoje.com.br\/novoportal\/wp-json\/wp\/v2\/posts"}],"about":[{"href":"https:\/\/www.sudoestehoje.com.br\/novoportal\/wp-json\/wp\/v2\/types\/post"}],"author":[{"embeddable":true,"href":"https:\/\/www.sudoestehoje.com.br\/novoportal\/wp-json\/wp\/v2\/users\/2"}],"replies":[{"embeddable":true,"href":"https:\/\/www.sudoestehoje.com.br\/novoportal\/wp-json\/wp\/v2\/comments?post=20486"}],"version-history":[{"count":4,"href":"https:\/\/www.sudoestehoje.com.br\/novoportal\/wp-json\/wp\/v2\/posts\/20486\/revisions"}],"predecessor-version":[{"id":20492,"href":"https:\/\/www.sudoestehoje.com.br\/novoportal\/wp-json\/wp\/v2\/posts\/20486\/revisions\/20492"}],"wp:attachment":[{"href":"https:\/\/www.sudoestehoje.com.br\/novoportal\/wp-json\/wp\/v2\/media?parent=20486"}],"wp:term":[{"taxonomy":"category","embeddable":true,"href":"https:\/\/www.sudoestehoje.com.br\/novoportal\/wp-json\/wp\/v2\/categories?post=20486"},{"taxonomy":"post_tag","embeddable":true,"href":"https:\/\/www.sudoestehoje.com.br\/novoportal\/wp-json\/wp\/v2\/tags?post=20486"}],"curies":[{"name":"wp","href":"https:\/\/api.w.org\/{rel}","templated":true}]}}