
{"id":20480,"date":"2012-09-18T08:49:57","date_gmt":"2012-09-18T11:49:57","guid":{"rendered":"http:\/\/www.sudoestehoje.com.br\/novoportal\/?p=20480"},"modified":"2012-09-18T08:49:57","modified_gmt":"2012-09-18T11:49:57","slug":"bancarios-deflagram-greve-por-tempo-indeterminado","status":"publish","type":"post","link":"https:\/\/www.sudoestehoje.com.br\/novoportal\/2012\/09\/18\/bancarios-deflagram-greve-por-tempo-indeterminado\/","title":{"rendered":"BANC\u00c1RIOS DEFLAGRAM GREVE POR TEMPO INDETERMINADO"},"content":{"rendered":"<p><img decoding=\"async\" class=\"aligncenter\" src=\"http:\/\/dimensaojornal.com.br\/wp-content\/uploads\/2011\/09\/MOBILIZA%C3%87AO-EM-FRENTE-AO-BRADESCO-EM-ITAPETINGA-300x164.jpg\" alt=\"\" width=\"400\" \/><\/p>\n<p style=\"text-align: center;\"><em>Banc\u00e1rios de Itapetinga aderem \u00e0 greve<\/em><\/p>\n<p>&nbsp;<\/p>\n<p>Banc\u00e1rios de todo o pa\u00eds entram em greve por tempo indeterminado a partir desta ter\u00e7a-feira (18). De acordo com a presidente do Sindicato dos Banc\u00e1rios de S\u00e3o Paulo, Osasco e Regi\u00e3o, Juvandia Moreira, a paralisa\u00e7\u00e3o atingir\u00e1 bancos p\u00fablicos e privados. Em entrevista coletiva realizada nesta segunda (17), Juvandia reiterou que os caixas eletr\u00f4nicos funcionar\u00e3o. De acordo com ela, nove rodadas de negocia\u00e7\u00e3o com a Federa\u00e7\u00e3o Nacional dos Bancos (Fenaban) foram realizadas desde o dia 1\u00ba de agosto, quando foi entregue a pauta de reivindica\u00e7\u00f5es A categoria reivindica reajuste salarial de 10,25%, com 5% de aumento real, al\u00e9m de plano de cargos, carreira e sal\u00e1rios, maior participa\u00e7\u00e3o nos lucros e resultados (PLR) e mais seguran\u00e7a nas ag\u00eancias. A Fenaban ofereceu 6% de reajuste salarial.<\/p>\n","protected":false},"excerpt":{"rendered":"<p>Banc\u00e1rios de Itapetinga aderem \u00e0 greve &nbsp; Banc\u00e1rios de todo o pa\u00eds entram em greve por tempo indeterminado a partir desta ter\u00e7a-feira (18). De acordo com a presidente do Sindicato dos Banc\u00e1rios de S\u00e3o Paulo, Osasco e Regi\u00e3o, Juvandia Moreira, a paralisa\u00e7\u00e3o atingir\u00e1 bancos p\u00fablicos e privados. Em entrevista coletiva realizada nesta segunda (17), Juvandia [&hellip;]<\/p>\n","protected":false},"author":2,"featured_media":0,"comment_status":"open","ping_status":"open","sticky":false,"template":"","format":"standard","meta":{"footnotes":"","_links_to":"","_links_to_target":""},"categories":[1],"tags":[],"class_list":["post-20480","post","type-post","status-publish","format-standard","hentry","category-geral"],"views":1268,"_links":{"self":[{"href":"https:\/\/www.sudoestehoje.com.br\/novoportal\/wp-json\/wp\/v2\/posts\/20480","targetHints":{"allow":["GET"]}}],"collection":[{"href":"https:\/\/www.sudoestehoje.com.br\/novoportal\/wp-json\/wp\/v2\/posts"}],"about":[{"href":"https:\/\/www.sudoestehoje.com.br\/novoportal\/wp-json\/wp\/v2\/types\/post"}],"author":[{"embeddable":true,"href":"https:\/\/www.sudoestehoje.com.br\/novoportal\/wp-json\/wp\/v2\/users\/2"}],"replies":[{"embeddable":true,"href":"https:\/\/www.sudoestehoje.com.br\/novoportal\/wp-json\/wp\/v2\/comments?post=20480"}],"version-history":[{"count":3,"href":"https:\/\/www.sudoestehoje.com.br\/novoportal\/wp-json\/wp\/v2\/posts\/20480\/revisions"}],"predecessor-version":[{"id":20483,"href":"https:\/\/www.sudoestehoje.com.br\/novoportal\/wp-json\/wp\/v2\/posts\/20480\/revisions\/20483"}],"wp:attachment":[{"href":"https:\/\/www.sudoestehoje.com.br\/novoportal\/wp-json\/wp\/v2\/media?parent=20480"}],"wp:term":[{"taxonomy":"category","embeddable":true,"href":"https:\/\/www.sudoestehoje.com.br\/novoportal\/wp-json\/wp\/v2\/categories?post=20480"},{"taxonomy":"post_tag","embeddable":true,"href":"https:\/\/www.sudoestehoje.com.br\/novoportal\/wp-json\/wp\/v2\/tags?post=20480"}],"curies":[{"name":"wp","href":"https:\/\/api.w.org\/{rel}","templated":true}]}}