
{"id":20472,"date":"2012-09-17T16:33:38","date_gmt":"2012-09-17T19:33:38","guid":{"rendered":"http:\/\/www.sudoestehoje.com.br\/novoportal\/?p=20472"},"modified":"2012-09-17T16:33:38","modified_gmt":"2012-09-17T19:33:38","slug":"oposicao-quer-abertura-de-investigacao-contra-lula","status":"publish","type":"post","link":"https:\/\/www.sudoestehoje.com.br\/novoportal\/2012\/09\/17\/oposicao-quer-abertura-de-investigacao-contra-lula\/","title":{"rendered":"OPOSI\u00c7\u00c3O QUER ABERTURA DE INVESTIGA\u00c7\u00c3O CONTRA LULA"},"content":{"rendered":"<p><img decoding=\"async\" class=\"aligncenter\" src=\"http:\/\/www.bahianoticias.com.br\/fotos\/principal_noticias\/122872\/IMAGEM_NOTICIA_5.jpg\" alt=\"Oposi\u00e7\u00e3o quer abertura de investiga\u00e7\u00e3o contra Lula\" width=\"400\" \/><\/p>\n<p>&nbsp;<\/p>\n<p>Em reuni\u00e3o a ser realizada nesta ter\u00e7a-feira (18), a oposi\u00e7\u00e3o decidir\u00e1 se ingressa em conjunto ou de forma separada com pedido para investigar a suposta participa\u00e7\u00e3o do ex-presidente Lula no esc\u00e2ndalo do mensal\u00e3o. Como o petista n\u00e3o tem mais foro privilegiado, caso instaurada, a apura\u00e7\u00e3o deve acontecer na primeira inst\u00e2ncia do Minist\u00e9rio P\u00fablico Federal. Os procuradores tamb\u00e9m podem decidir investigar Lula, independentemente de haver pedido da oposi\u00e7\u00e3o. \u201c\u00c9 dever do Minist\u00e9rio P\u00fablico, diante de uma den\u00fancia crime, que \u00e9 o caso da reportagem, abrir processo\u201d, opinou o presidente nacional do PPS, deputado federal Roberto Freire (SP), rela\u00e7\u00e3o \u00e0 reportagem da revista Veja na qual \u00e9 atribu\u00edda a Marcos Val\u00e9rio a informa\u00e7\u00e3o de que o ex-presidente comandou o esquema. A oposi\u00e7\u00e3o n\u00e3o incluiu Lula entre os alvos da Comiss\u00e3o Parlamentar de Inqu\u00e9rito (CPI) que investigou o caso entre 2005 e 2006. \u201cEssa investiga\u00e7\u00e3o chega com sete anos de atraso. Na \u00e9poca da CPI eu apresentei um voto em separado pedindo o impeachment de Lula, mas nem a oposi\u00e7\u00e3o me apoiou\u201d, disse o l\u00edder do PSDB no Senado, \u00c1lvaro Dias (PR). Informa\u00e7\u00f5es da Folha.<\/p>\n","protected":false},"excerpt":{"rendered":"<p>&nbsp; Em reuni\u00e3o a ser realizada nesta ter\u00e7a-feira (18), a oposi\u00e7\u00e3o decidir\u00e1 se ingressa em conjunto ou de forma separada com pedido para investigar a suposta participa\u00e7\u00e3o do ex-presidente Lula no esc\u00e2ndalo do mensal\u00e3o. Como o petista n\u00e3o tem mais foro privilegiado, caso instaurada, a apura\u00e7\u00e3o deve acontecer na primeira inst\u00e2ncia do Minist\u00e9rio P\u00fablico Federal. [&hellip;]<\/p>\n","protected":false},"author":2,"featured_media":0,"comment_status":"open","ping_status":"open","sticky":false,"template":"","format":"standard","meta":{"footnotes":"","_links_to":"","_links_to_target":""},"categories":[1],"tags":[],"class_list":["post-20472","post","type-post","status-publish","format-standard","hentry","category-geral"],"views":1222,"_links":{"self":[{"href":"https:\/\/www.sudoestehoje.com.br\/novoportal\/wp-json\/wp\/v2\/posts\/20472","targetHints":{"allow":["GET"]}}],"collection":[{"href":"https:\/\/www.sudoestehoje.com.br\/novoportal\/wp-json\/wp\/v2\/posts"}],"about":[{"href":"https:\/\/www.sudoestehoje.com.br\/novoportal\/wp-json\/wp\/v2\/types\/post"}],"author":[{"embeddable":true,"href":"https:\/\/www.sudoestehoje.com.br\/novoportal\/wp-json\/wp\/v2\/users\/2"}],"replies":[{"embeddable":true,"href":"https:\/\/www.sudoestehoje.com.br\/novoportal\/wp-json\/wp\/v2\/comments?post=20472"}],"version-history":[{"count":2,"href":"https:\/\/www.sudoestehoje.com.br\/novoportal\/wp-json\/wp\/v2\/posts\/20472\/revisions"}],"predecessor-version":[{"id":20474,"href":"https:\/\/www.sudoestehoje.com.br\/novoportal\/wp-json\/wp\/v2\/posts\/20472\/revisions\/20474"}],"wp:attachment":[{"href":"https:\/\/www.sudoestehoje.com.br\/novoportal\/wp-json\/wp\/v2\/media?parent=20472"}],"wp:term":[{"taxonomy":"category","embeddable":true,"href":"https:\/\/www.sudoestehoje.com.br\/novoportal\/wp-json\/wp\/v2\/categories?post=20472"},{"taxonomy":"post_tag","embeddable":true,"href":"https:\/\/www.sudoestehoje.com.br\/novoportal\/wp-json\/wp\/v2\/tags?post=20472"}],"curies":[{"name":"wp","href":"https:\/\/api.w.org\/{rel}","templated":true}]}}