
{"id":204,"date":"2010-09-03T00:01:38","date_gmt":"2010-09-03T03:01:38","guid":{"rendered":"http:\/\/sudoestehoje.tempsite.ws\/novoportal\/?p=204"},"modified":"2010-09-18T13:30:35","modified_gmt":"2010-09-18T16:30:35","slug":"perfil-do-candidato-marcos-espinheira-pv","status":"publish","type":"post","link":"https:\/\/www.sudoestehoje.com.br\/novoportal\/2010\/09\/03\/perfil-do-candidato-marcos-espinheira-pv\/","title":{"rendered":"PERFIL DO CANDIDATO: MARCOS ESPINHEIRA (PV)"},"content":{"rendered":"<div style=\"text-align: center;\"><img loading=\"lazy\" decoding=\"async\" src=\"http:\/\/www.sudoestehoje.com.br\/web\/images\/stories\/marcos1.jpg\" border=\"0\" alt=\"\" width=\"400\" height=\"478\" \/><\/div>\n<p style=\"text-align: center;\">MARCOS ESPINHEIRA (PV) \u00c9 CANDIDATO A DEPUTADO FEDERAL<\/p>\n<p>Marcos  Leonelli Espinheira, nascido em Salvador em 27 de dezembro em 1949,  filho de Jos\u00e9 Vaz Espinheira e Ruth Espinheira. Cursou 3 anos na  Faculdade de Direito \u2013UCSAL e Jornalismo e Comunica\u00e7\u00e3o \u2013UFBA,  formando-se Bacharel em Ci\u00eancias na \u00e1rea de Administra\u00e7\u00e3o de Empresas \u2013  Wilkes University- Wilkes Barre, Pennsylvania-USA e posteriormente  obtendo a gradua\u00e7\u00e3o no Mestrado em Administra\u00e7\u00e3o de Empresas-MBA com  Especializa\u00e7\u00e3o em Finan\u00e7as e Marketing na Michigan State University,  East Lansing,Michigan-USA.<\/p>\n<p>Aos  26 anos, torna-se assistente da Diretoria Financeira da DOW QUIMICA DO  BRASIL-SA sendo respons\u00e1vel pela Gerencia de Planejamento e Opera\u00e7\u00f5es  Financeiras.\u00a0Na Secretaria  de Ind\u00fastria Comercio e Turismo do Estado da Bahia, em 1983, como  Diretor de Ind\u00fastria e Comercio, exerceu as fun\u00e7\u00f5es de Coordenador da  Infra-estrutura de acesso aos distritos industriais do Estado da Bahia,  como o CIA (Centro Industrial de Aratu), o COPEC (Complexo Petroqu\u00edmica  de Cama\u00e7ari) e os demais em implanta\u00e7\u00e3o ou expans\u00e3o do interior do  Estado.\u00a0Em 1993 como Diretor da Organiza\u00e7\u00e3o Odebrecht, foi um dos\u00a0respons\u00e1veis pelo PROJETO SAU\u00cdPE.<\/p>\n<p><span style=\"text-decoration: underline;\">COMENTARIO DO SITE<\/span><\/p>\n<p>Marcos  Espinheira \u00e9 um homem de excelente forma\u00e7\u00e3o e pode dar\u00a0uma imensa  contribui\u00e7\u00e3o \u00e0 regi\u00e3o e ao Estado, caso seja eleito deputado federal. Em  Itapetinga espera contar com os votos dos antigos &#8216;espinheiristas&#8217; e  dos eleitores indecisos, que ainda s\u00e3o maioria. Entretanto,\u00a0vai ter que  correr para massificar o seu nome, ainda desconhecido por grande parte  do eleitorado.<\/p>\n<p><span style=\"text-decoration: underline;\">PALPITE DO BLOGUEIRO<\/span><\/p>\n<p>Como  a candidatura de Marcos Espinheira \u00e9 recente, n\u00e3o arrisco nenhum  palpite quanto \u00e0 vota\u00e7\u00e3o que ele poder\u00e1 obter em Itapetinga. Marcos,  entretanto, est\u00e1\u00a0otimista e espera uma vota\u00e7\u00e3o acima dos 8.000 mil  votos.<\/p>\n","protected":false},"excerpt":{"rendered":"<p>MARCOS ESPINHEIRA (PV) \u00c9 CANDIDATO A DEPUTADO FEDERAL Marcos Leonelli Espinheira, nascido em Salvador em 27 de dezembro em 1949, filho de Jos\u00e9 Vaz Espinheira e Ruth Espinheira. Cursou 3 anos na Faculdade de Direito \u2013UCSAL e Jornalismo e Comunica\u00e7\u00e3o \u2013UFBA, formando-se Bacharel em Ci\u00eancias na \u00e1rea de Administra\u00e7\u00e3o de Empresas \u2013 Wilkes University- Wilkes [&hellip;]<\/p>\n","protected":false},"author":1,"featured_media":0,"comment_status":"open","ping_status":"open","sticky":false,"template":"","format":"standard","meta":{"footnotes":"","_links_to":"","_links_to_target":""},"categories":[4],"tags":[],"class_list":["post-204","post","type-post","status-publish","format-standard","hentry","category-politica"],"views":1579,"_links":{"self":[{"href":"https:\/\/www.sudoestehoje.com.br\/novoportal\/wp-json\/wp\/v2\/posts\/204","targetHints":{"allow":["GET"]}}],"collection":[{"href":"https:\/\/www.sudoestehoje.com.br\/novoportal\/wp-json\/wp\/v2\/posts"}],"about":[{"href":"https:\/\/www.sudoestehoje.com.br\/novoportal\/wp-json\/wp\/v2\/types\/post"}],"author":[{"embeddable":true,"href":"https:\/\/www.sudoestehoje.com.br\/novoportal\/wp-json\/wp\/v2\/users\/1"}],"replies":[{"embeddable":true,"href":"https:\/\/www.sudoestehoje.com.br\/novoportal\/wp-json\/wp\/v2\/comments?post=204"}],"version-history":[{"count":1,"href":"https:\/\/www.sudoestehoje.com.br\/novoportal\/wp-json\/wp\/v2\/posts\/204\/revisions"}],"predecessor-version":[{"id":205,"href":"https:\/\/www.sudoestehoje.com.br\/novoportal\/wp-json\/wp\/v2\/posts\/204\/revisions\/205"}],"wp:attachment":[{"href":"https:\/\/www.sudoestehoje.com.br\/novoportal\/wp-json\/wp\/v2\/media?parent=204"}],"wp:term":[{"taxonomy":"category","embeddable":true,"href":"https:\/\/www.sudoestehoje.com.br\/novoportal\/wp-json\/wp\/v2\/categories?post=204"},{"taxonomy":"post_tag","embeddable":true,"href":"https:\/\/www.sudoestehoje.com.br\/novoportal\/wp-json\/wp\/v2\/tags?post=204"}],"curies":[{"name":"wp","href":"https:\/\/api.w.org\/{rel}","templated":true}]}}