
{"id":20360,"date":"2012-09-13T17:27:16","date_gmt":"2012-09-13T20:27:16","guid":{"rendered":"http:\/\/www.sudoestehoje.com.br\/novoportal\/?p=20360"},"modified":"2012-09-13T17:27:16","modified_gmt":"2012-09-13T20:27:16","slug":"petista-de-peso-deve-apoiar-candidatura-de-dr-arnaldo","status":"publish","type":"post","link":"https:\/\/www.sudoestehoje.com.br\/novoportal\/2012\/09\/13\/petista-de-peso-deve-apoiar-candidatura-de-dr-arnaldo\/","title":{"rendered":"PETISTA DE PESO DEVE APOIAR CANDIDATURA DE DR. ARNALDO"},"content":{"rendered":"<p><img decoding=\"async\" class=\"alignleft\" src=\"http:\/\/1.bp.blogspot.com\/-0RrEReDYfQI\/ThNWo-YFHnI\/AAAAAAAABWo\/_m17N7SOJt8\/s400\/pt.jpg\" alt=\"\" \/>ITAPETINGA: Em \u00e9poca de campanha eleitoral, especula\u00e7\u00f5es \u00e9 que n\u00e3o faltam. Todo dia tem uma novidade. Por falar nisto, corre de boca em boca que, de hoje para amanh\u00e3, um grande nome do PT local estar\u00e1 manifestando de p\u00fablico o seu apoio \u00e0 candidatura a prefeito de Dr. Arnaldo Teixeira (PR). Segundo informa\u00e7\u00f5es ainda n\u00e3o confirmadas, o petista j\u00e1 est\u00e1 gravando mensagem para ser divulgada, nesta sexta-feira, nos carros de som do 22, podendo, tamb\u00e9m, participar da caminhada deste s\u00e1bado e subir no palanque de Arnado Teixeira, levando o seu apoio.<\/p>\n<p>Se for quem estou pensando&#8230;<\/p>\n<p><strong><em>Por Davi Ferraz<\/em><\/strong><\/p>\n","protected":false},"excerpt":{"rendered":"<p>ITAPETINGA: Em \u00e9poca de campanha eleitoral, especula\u00e7\u00f5es \u00e9 que n\u00e3o faltam. Todo dia tem uma novidade. Por falar nisto, corre de boca em boca que, de hoje para amanh\u00e3, um grande nome do PT local estar\u00e1 manifestando de p\u00fablico o seu apoio \u00e0 candidatura a prefeito de Dr. Arnaldo Teixeira (PR). Segundo informa\u00e7\u00f5es ainda n\u00e3o [&hellip;]<\/p>\n","protected":false},"author":2,"featured_media":0,"comment_status":"open","ping_status":"open","sticky":false,"template":"","format":"standard","meta":{"footnotes":"","_links_to":"","_links_to_target":""},"categories":[1],"tags":[],"class_list":["post-20360","post","type-post","status-publish","format-standard","hentry","category-geral"],"views":1644,"_links":{"self":[{"href":"https:\/\/www.sudoestehoje.com.br\/novoportal\/wp-json\/wp\/v2\/posts\/20360","targetHints":{"allow":["GET"]}}],"collection":[{"href":"https:\/\/www.sudoestehoje.com.br\/novoportal\/wp-json\/wp\/v2\/posts"}],"about":[{"href":"https:\/\/www.sudoestehoje.com.br\/novoportal\/wp-json\/wp\/v2\/types\/post"}],"author":[{"embeddable":true,"href":"https:\/\/www.sudoestehoje.com.br\/novoportal\/wp-json\/wp\/v2\/users\/2"}],"replies":[{"embeddable":true,"href":"https:\/\/www.sudoestehoje.com.br\/novoportal\/wp-json\/wp\/v2\/comments?post=20360"}],"version-history":[{"count":2,"href":"https:\/\/www.sudoestehoje.com.br\/novoportal\/wp-json\/wp\/v2\/posts\/20360\/revisions"}],"predecessor-version":[{"id":20362,"href":"https:\/\/www.sudoestehoje.com.br\/novoportal\/wp-json\/wp\/v2\/posts\/20360\/revisions\/20362"}],"wp:attachment":[{"href":"https:\/\/www.sudoestehoje.com.br\/novoportal\/wp-json\/wp\/v2\/media?parent=20360"}],"wp:term":[{"taxonomy":"category","embeddable":true,"href":"https:\/\/www.sudoestehoje.com.br\/novoportal\/wp-json\/wp\/v2\/categories?post=20360"},{"taxonomy":"post_tag","embeddable":true,"href":"https:\/\/www.sudoestehoje.com.br\/novoportal\/wp-json\/wp\/v2\/tags?post=20360"}],"curies":[{"name":"wp","href":"https:\/\/api.w.org\/{rel}","templated":true}]}}