
{"id":20339,"date":"2012-09-13T10:18:18","date_gmt":"2012-09-13T13:18:18","guid":{"rendered":"http:\/\/www.sudoestehoje.com.br\/novoportal\/?p=20339"},"modified":"2012-09-13T10:23:11","modified_gmt":"2012-09-13T13:23:11","slug":"itapetinga-nao-reage-contra-barragem-que-vai-secar-o-catole","status":"publish","type":"post","link":"https:\/\/www.sudoestehoje.com.br\/novoportal\/2012\/09\/13\/itapetinga-nao-reage-contra-barragem-que-vai-secar-o-catole\/","title":{"rendered":"ITAPETINGA N\u00c3O REAGE CONTRA BARRAGEM QUE VAI SECAR O CATOL\u00c9"},"content":{"rendered":"<p><img decoding=\"async\" class=\"aligncenter\" src=\"http:\/\/www.navegadormt.com\/admin\/up\/rio%20seco.jpg\" alt=\"\" width=\"500\" \/><\/p>\n<p style=\"text-align: center;\"><em>Futuro do Catol\u00e9 poder\u00e1 ser este: apenas um c\u00f3rrego<\/em><\/p>\n<p>&nbsp;<\/p>\n<p>No 17 de agosto \u00faltimo, o Ministro das Cidades assinou a Portaria n\u00ba 381\/2012, que \u00a0aprova a constru\u00e7\u00e3o da barragem no Rio Catol\u00e9, atrav\u00e9s do Programa de Acelera\u00e7\u00e3o do Crescimento.\u00a0Esta Portaria dispensa autoriza\u00e7\u00e3o de \u00f3rg\u00e3os ambientais por se tratar de verba do PAC.<\/p>\n<p>Por descaso e incompet\u00eancia, os nossos representantes pol\u00edticos nada fizeram e as gera\u00e7\u00f5es futuras de Itapetinga e regi\u00e3o v\u00e3o ter que arcar com as consequ\u00eancias do descaso e irresponsabilidade dos pol\u00edticos que nos governam e do imobilismo da nossa sociedade, que entregou os destinos de Itapetinga nas m\u00e3os de gente despreparada e incompetente.<\/p>\n<p>S\u00cdNTESE DA PORTARIA<\/p>\n<div id=\"yui_3_2_0_1_13475404803642475\">\n<div>&#8220;Art. 1\u00ba &#8211; \u00a0Aprovar a libera\u00e7\u00e3o de recursos do Or\u00e7amento Geral da Uni\u00e3o para execu\u00e7\u00e3o de obras de Abastecimento de \u00c1gua para mitigar os efeitos da estiagem prolongada em munic\u00edpios de Minas Gerais e da Regi\u00e3o Nordeste, no \u00e2mbito do Programa de Acelera\u00e7\u00e3o do Crescimento.<\/div>\n<div>\n<div align=\"left\"><\/div>\n<div align=\"left\">Art. 2\u00ba &#8211; Os empreendimentos selecionados est\u00e3o relacionados na forma do Anexo I.<\/div>\n<div align=\"left\">\n<p>Art. 2\u00ba Os empreendimentos selecionados est\u00e3o relacionados na forma do Anexo I.<\/p>\n<p>ANEXO I<\/p>\n<p>41.1.1506\/2012 \u00a0&#8211; BA Estado &#8211; Vit\u00f3ria da Conquista,\u00a0Belo Campo, Tremedal. \u00a0Abastecimento de \u00c1gua.<\/p>\n<p>A\u00c7\u00c3O: \u00a0Constru\u00e7\u00e3o de Barragem de acumula\u00e7\u00e3o, localizada no Rio Catol\u00e9 Grande no munic\u00edpio de Barra do\u00a0Cho\u00e7a, com a finalidade de complementar o abastecimento de \u00e1gua das cidades de Vit\u00f3ria da Conquista,\u00a0Belo Campo e Tremedal, e diversas localidades que ser\u00e3o atendidas pelo SIAA de Vit\u00f3ria da Conquista.<\/p>\n<p>Link\u00a0<a href=\"http:\/\/www.sudoestehoje.com.br\/novoportal\/wp-content\/uploads\/2012\/09\/PORTARIA-381.pdf\">PORTARIA 381<\/a><\/p>\n<\/div>\n<\/div>\n<div>\n<div align=\"left\"><span style=\"font-family: 'comic sans ms', sans-serif; font-size: medium;\">VALOR: R$\u00a0<span style=\"font-family: 'Times New Roman'; font-size: xx-small;\"><span style=\"font-family: 'Times New Roman'; font-size: xx-small;\"><span style=\"color: #cc0000; font-family: 'comic sans ms', sans-serif; font-size: medium;\"><strong>141.030.000,04<\/strong><\/span><\/span><\/span><\/span><\/div>\n<\/div>\n<div><\/div>\n<div><span style=\"color: #ff0000; font-size: x-large;\">MOBILIZA\u00c7\u00c3O J\u00c1!<\/span><\/div>\n<\/div>\n","protected":false},"excerpt":{"rendered":"<p>Futuro do Catol\u00e9 poder\u00e1 ser este: apenas um c\u00f3rrego &nbsp; No 17 de agosto \u00faltimo, o Ministro das Cidades assinou a Portaria n\u00ba 381\/2012, que \u00a0aprova a constru\u00e7\u00e3o da barragem no Rio Catol\u00e9, atrav\u00e9s do Programa de Acelera\u00e7\u00e3o do Crescimento.\u00a0Esta Portaria dispensa autoriza\u00e7\u00e3o de \u00f3rg\u00e3os ambientais por se tratar de verba do PAC. Por descaso [&hellip;]<\/p>\n","protected":false},"author":2,"featured_media":0,"comment_status":"open","ping_status":"open","sticky":false,"template":"","format":"standard","meta":{"footnotes":"","_links_to":"","_links_to_target":""},"categories":[1],"tags":[],"class_list":["post-20339","post","type-post","status-publish","format-standard","hentry","category-geral"],"views":2433,"_links":{"self":[{"href":"https:\/\/www.sudoestehoje.com.br\/novoportal\/wp-json\/wp\/v2\/posts\/20339","targetHints":{"allow":["GET"]}}],"collection":[{"href":"https:\/\/www.sudoestehoje.com.br\/novoportal\/wp-json\/wp\/v2\/posts"}],"about":[{"href":"https:\/\/www.sudoestehoje.com.br\/novoportal\/wp-json\/wp\/v2\/types\/post"}],"author":[{"embeddable":true,"href":"https:\/\/www.sudoestehoje.com.br\/novoportal\/wp-json\/wp\/v2\/users\/2"}],"replies":[{"embeddable":true,"href":"https:\/\/www.sudoestehoje.com.br\/novoportal\/wp-json\/wp\/v2\/comments?post=20339"}],"version-history":[{"count":5,"href":"https:\/\/www.sudoestehoje.com.br\/novoportal\/wp-json\/wp\/v2\/posts\/20339\/revisions"}],"predecessor-version":[{"id":20344,"href":"https:\/\/www.sudoestehoje.com.br\/novoportal\/wp-json\/wp\/v2\/posts\/20339\/revisions\/20344"}],"wp:attachment":[{"href":"https:\/\/www.sudoestehoje.com.br\/novoportal\/wp-json\/wp\/v2\/media?parent=20339"}],"wp:term":[{"taxonomy":"category","embeddable":true,"href":"https:\/\/www.sudoestehoje.com.br\/novoportal\/wp-json\/wp\/v2\/categories?post=20339"},{"taxonomy":"post_tag","embeddable":true,"href":"https:\/\/www.sudoestehoje.com.br\/novoportal\/wp-json\/wp\/v2\/tags?post=20339"}],"curies":[{"name":"wp","href":"https:\/\/api.w.org\/{rel}","templated":true}]}}